{"id":1766,"date":"2022-03-25T10:44:00","date_gmt":"2022-03-25T09:44:00","guid":{"rendered":"https:\/\/davidneau.fr\/?p=1766"},"modified":"2022-04-28T11:53:36","modified_gmt":"2022-04-28T10:53:36","slug":"angouleme-en-retard","status":"publish","type":"post","link":"https:\/\/davidneau.fr\/index.php\/2022\/03\/25\/angouleme-en-retard\/","title":{"rendered":"Angoul\u00eame en retard"},"content":{"rendered":"\n<p>Bonjour \u00e0 tous, <\/p>\n\n\n\n<p>Cette ann\u00e9e, comme vous le savez peut-\u00eatre d\u00e9j\u00e0, Le festival d&rsquo;Angoul\u00eame a \u00e9t\u00e9 d\u00e9cal\u00e9 au mois de mars. Je suis all\u00e9 faire un tour sur place pour deux raisons. Tout d&rsquo;abord, comme chaque ann\u00e9e, pour couvrir le festival, et puis ensuite, pour d\u00e9fendre les couleurs de l&rsquo;atelier 54, car nous avions un stand sur place. En effet, notre Fanzine n\u00b09, sur les p\u00each\u00e9s capitaux, \u00e9tait \u00e0 nouveau en comp\u00e9tition <a rel=\"noreferrer noopener\" href=\"https:\/\/www.bdangouleme.com\/selection-bande-dessinee-alternative-2022\" target=\"_blank\">pour le prix de la BD Alternative<\/a>. <\/p>\n\n\n\n<div class=\"wp-block-image\"><figure class=\"aligncenter size-large\"><img loading=\"lazy\" width=\"1024\" height=\"635\" src=\"https:\/\/davidneau.fr\/wp-content\/uploads\/2022\/04\/PrixBD-Alternative-2022-1024x635.jpeg\" alt=\"\" class=\"wp-image-1768\" srcset=\"https:\/\/davidneau.fr\/wp-content\/uploads\/2022\/04\/PrixBD-Alternative-2022-1024x635.jpeg 1024w, https:\/\/davidneau.fr\/wp-content\/uploads\/2022\/04\/PrixBD-Alternative-2022-300x186.jpeg 300w, https:\/\/davidneau.fr\/wp-content\/uploads\/2022\/04\/PrixBD-Alternative-2022-768x477.jpeg 768w, https:\/\/davidneau.fr\/wp-content\/uploads\/2022\/04\/PrixBD-Alternative-2022-144x89.jpeg 144w, https:\/\/davidneau.fr\/wp-content\/uploads\/2022\/04\/PrixBD-Alternative-2022.jpeg 1410w\" sizes=\"(max-width: 1024px) 100vw, 1024px\" \/><figcaption>Et hop, tout en haut \u00e0 gauche, notre fanzine !<\/figcaption><\/figure><\/div>\n\n\n\n<p>On \u00e9tait tr\u00e8s heureux, avec tous les membres de l&rsquo;atelier, de faire partie de cette s\u00e9lection. Et on s&rsquo;est un peu relay\u00e9 sur le stand pour \u00e9changer avec les festivaliers et tenter de vendre nos fanzines. Alors, nous n&rsquo;avons pas gagn\u00e9 cette ann\u00e9e, certes, mais on a v\u00e9cu des super journ\u00e9es. M\u00eame si le fait que le festival ait lieu plus tard que pr\u00e9vu en a emp\u00each\u00e9 beaucoup de s&rsquo;organiser \u00e0 la derni\u00e8re minute pour venir. En tout cas, on \u00e9tait sur place, on \u00e9tait en votre compagnie, et on \u00e9tait content !<\/p>\n\n\n\n<p>A bient\u00f4t pour d&rsquo;autres nouvelles&#8230;<\/p>\n<div style=\"padding-bottom:20px; padding-top:10px;\" class=\"hupso-share-buttons\"><!-- Hupso Share Buttons - https:\/\/www.hupso.com\/share\/ --><a class=\"hupso_toolbar\" href=\"https:\/\/www.hupso.com\/share\/\"><img src=\"https:\/\/static.hupso.com\/share\/buttons\/lang\/fr\/share-medium.png\" style=\"border:0px; padding-top: 5px; float:left;\" alt=\"Share Button\"\/><\/a><script type=\"text\/javascript\">var hupso_services_t=new Array(\"Twitter\",\"Facebook\",\"Google Plus\",\"Pinterest\",\"Linkedin\",\"Tumblr\",\"Reddit\",\"Sina Weibo\",\"Email\",\"Print\");var hupso_background_t=\"#EAF4FF\";var hupso_border_t=\"#66CCFF\";var hupso_toolbar_size_t=\"medium\";var hupso_image_folder_url = \"\";var hupso_twitter_via=\"DVNEAU\";var hupso_url_t=\"\";var hupso_title_t=\"Angoul%C3%AAme%20en%20retard\";<\/script><script type=\"text\/javascript\" src=\"https:\/\/static.hupso.com\/share\/js\/share_toolbar.js\"><\/script><!-- Hupso Share Buttons --><\/div>","protected":false},"excerpt":{"rendered":"<p>Bonjour \u00e0 tous, Cette ann\u00e9e, comme vous le savez peut-\u00eatre d\u00e9j\u00e0, Le festival d&rsquo;Angoul\u00eame a \u00e9t\u00e9 d\u00e9cal\u00e9 au mois de mars. Je suis all\u00e9 faire un tour sur place pour deux raisons. Tout d&rsquo;abord, comme chaque ann\u00e9e, pour couvrir le festival, et puis ensuite, pour d\u00e9fendre les couleurs de l&rsquo;atelier 54, car nous avions un&#8230; <a href=\"https:\/\/davidneau.fr\/index.php\/2022\/03\/25\/angouleme-en-retard\/\" class=\"more-link\">Continue reading <span class=\"screen-reader-text\">Angoul\u00eame en retard<\/span><\/a><\/p>\n","protected":false},"author":1,"featured_media":0,"comment_status":"open","ping_status":"open","sticky":false,"template":"","format":"standard","meta":{"jetpack_publicize_message":"","jetpack_is_tweetstorm":false,"jetpack_publicize_feature_enabled":true},"categories":[10],"tags":[],"jetpack_publicize_connections":[],"jetpack_featured_media_url":"","jetpack_sharing_enabled":true,"jetpack_shortlink":"https:\/\/wp.me\/pa9QkF-su","_links":{"self":[{"href":"https:\/\/davidneau.fr\/index.php\/wp-json\/wp\/v2\/posts\/1766"}],"collection":[{"href":"https:\/\/davidneau.fr\/index.php\/wp-json\/wp\/v2\/posts"}],"about":[{"href":"https:\/\/davidneau.fr\/index.php\/wp-json\/wp\/v2\/types\/post"}],"author":[{"embeddable":true,"href":"https:\/\/davidneau.fr\/index.php\/wp-json\/wp\/v2\/users\/1"}],"replies":[{"embeddable":true,"href":"https:\/\/davidneau.fr\/index.php\/wp-json\/wp\/v2\/comments?post=1766"}],"version-history":[{"count":1,"href":"https:\/\/davidneau.fr\/index.php\/wp-json\/wp\/v2\/posts\/1766\/revisions"}],"predecessor-version":[{"id":1769,"href":"https:\/\/davidneau.fr\/index.php\/wp-json\/wp\/v2\/posts\/1766\/revisions\/1769"}],"wp:attachment":[{"href":"https:\/\/davidneau.fr\/index.php\/wp-json\/wp\/v2\/media?parent=1766"}],"wp:term":[{"taxonomy":"category","embeddable":true,"href":"https:\/\/davidneau.fr\/index.php\/wp-json\/wp\/v2\/categories?post=1766"},{"taxonomy":"post_tag","embeddable":true,"href":"https:\/\/davidneau.fr\/index.php\/wp-json\/wp\/v2\/tags?post=1766"}],"curies":[{"name":"wp","href":"https:\/\/api.w.org\/{rel}","templated":true}]}}