{"id":1770,"date":"2022-04-29T10:54:00","date_gmt":"2022-04-29T09:54:00","guid":{"rendered":"https:\/\/davidneau.fr\/?p=1770"},"modified":"2022-04-28T12:08:16","modified_gmt":"2022-04-28T11:08:16","slug":"en-route-pour-radio-libertaire","status":"publish","type":"post","link":"https:\/\/davidneau.fr\/index.php\/2022\/04\/29\/en-route-pour-radio-libertaire\/","title":{"rendered":"En route pour Radio Libertaire"},"content":{"rendered":"\n<p>Bonjour \u00e0 tous !<\/p>\n\n\n\n<p>Le mois d&rsquo;Avril aura \u00e9t\u00e9 riche d&rsquo;une bonne surprise, La diffusion d&rsquo;une \u00e9mission de Radio o\u00f9 j&rsquo;\u00e9tais invit\u00e9 pour parler de &#8230; L\u00e9o Ferr\u00e9 ! Les musiques et chansons de L\u00e9o Ferr\u00e9 sont une de mes passions. J&rsquo;en ai parl\u00e9 plusieurs fois dans certaines des aventures de Z\u00e9da en BD ou en vid\u00e9o.<\/p>\n\n\n\n<p>Ca n&rsquo;est pas tomb\u00e9 dans l&rsquo;oreille d&rsquo;un sourd, puisque Davou, le pr\u00e9sentateur du Ferr\u00e9 Club, m&rsquo;a propos\u00e9 de venir \u00e9voquer avec lui sur les ondes tout ce que j&rsquo;aimais &#8211; ou que je n&rsquo;aimais pas &#8211; chez L\u00e9o Ferr\u00e9. Apr\u00e8s montage, cela a donn\u00e9 une \u00e9mission d&rsquo;environ une heure et demie diffus\u00e9e le mercredi 6 avril \u00e0 16h sur Radio Libertaire, 98.4FM. Vous l&rsquo;avez rat\u00e9 ? Aucun souci, Vous pouvez l&rsquo;\u00e9couter en replay sur le site du <a rel=\"noreferrer noopener\" href=\"http:\/\/missnight.blogspot.com\/2022\/04\/le-ferre-club-n-219-rencontre-avec.html\" target=\"_blank\">Ferr\u00e9 Club<\/a> ! Et pour l&rsquo;occasion et illustrer ce site, j&rsquo;ai propos\u00e9 un dessin de Z\u00e9da, marchant avec L\u00e9o sur le boulevard S\u00e9bastopol nomm\u00e9 \u00ab\u00a0Not&rsquo;S\u00e9basto\u00a0\u00bb.<\/p>\n\n\n\n<div class=\"wp-block-image\"><figure class=\"aligncenter size-full\"><img loading=\"lazy\" width=\"700\" height=\"737\" src=\"https:\/\/davidneau.fr\/wp-content\/uploads\/2022\/04\/1621-NOT-SEBASTO-zFont-BR-1621.gif\" alt=\"\" class=\"wp-image-1771\"\/><figcaption>L\u00e9o et Z\u00e9da arpentant les rues de Paris<\/figcaption><\/figure><\/div>\n\n\n\n<p>Cette \u00e9mission restera un tr\u00e8s beau souvenir pour moi, marqu\u00e9 par une rencontre vraiment passionnante avec Davou, le pr\u00e9sentateur de l&rsquo;\u00e9mission. J&rsquo;ai retrouv\u00e9 la motivation pour finir un court-m\u00e9trage d&rsquo;animation qui tra\u00eenait dans les tiroirs depuis quelques ann\u00e9es d\u00e9j\u00e0. Et j&rsquo;esp\u00e8re bien vous en faire profiter bient\u00f4t. <\/p>\n\n\n\n<p>Et si vous aimez L\u00e9o Ferr\u00e9, alors sachez que tous les mercredis \u00e0 16h, Davou tient, contre vents et mar\u00e9es, une \u00e9mission sur ce grand artiste, en diffusant ses chansons, en parlant de son actualit\u00e9. Oui, L\u00e9o Ferr\u00e9 n&rsquo;est peut-\u00eatre plus parmi nous, mais des tas d&rsquo;artistes le font vivre, peintres, com\u00e9diens, chanteurs&#8230; et il y a donc toujours une actualit\u00e9 L\u00e9o Ferr\u00e9. D&rsquo;ailleurs, une fois par mois, Le Ferr\u00e9 Club propose une \u00e9mission sp\u00e9ciale avec un entretien pour qu&rsquo;un invit\u00e9, c\u00e9l\u00e8bre ou anonyme, peu importe, vienne parler de son L\u00e9o. Alors venez d\u00e9couvrir cette \u00e9mission. Vous pouvez rester inform\u00e9 sur Twitter en vous abonnant \u00e0 <a rel=\"noreferrer noopener\" href=\"https:\/\/twitter.com\/nuitnoirerl?lang=fr\" target=\"_blank\">@NuitNoireRL<\/a> !<\/p>\n\n\n\n<p>A bient\u00f4t&#8230;<\/p>\n<div style=\"padding-bottom:20px; padding-top:10px;\" class=\"hupso-share-buttons\"><!-- Hupso Share Buttons - https:\/\/www.hupso.com\/share\/ --><a class=\"hupso_toolbar\" href=\"https:\/\/www.hupso.com\/share\/\"><img src=\"https:\/\/static.hupso.com\/share\/buttons\/lang\/fr\/share-medium.png\" style=\"border:0px; padding-top: 5px; float:left;\" alt=\"Share Button\"\/><\/a><script type=\"text\/javascript\">var hupso_services_t=new Array(\"Twitter\",\"Facebook\",\"Google Plus\",\"Pinterest\",\"Linkedin\",\"Tumblr\",\"Reddit\",\"Sina Weibo\",\"Email\",\"Print\");var hupso_background_t=\"#EAF4FF\";var hupso_border_t=\"#66CCFF\";var hupso_toolbar_size_t=\"medium\";var hupso_image_folder_url = \"\";var hupso_twitter_via=\"DVNEAU\";var hupso_url_t=\"\";var hupso_title_t=\"En%20route%20pour%20Radio%20Libertaire\";<\/script><script type=\"text\/javascript\" src=\"https:\/\/static.hupso.com\/share\/js\/share_toolbar.js\"><\/script><!-- Hupso Share Buttons --><\/div>","protected":false},"excerpt":{"rendered":"<p>Bonjour \u00e0 tous ! Le mois d&rsquo;Avril aura \u00e9t\u00e9 riche d&rsquo;une bonne surprise, La diffusion d&rsquo;une \u00e9mission de Radio o\u00f9 j&rsquo;\u00e9tais invit\u00e9 pour parler de &#8230; L\u00e9o Ferr\u00e9 ! Les musiques et chansons de L\u00e9o Ferr\u00e9 sont une de mes passions. J&rsquo;en ai parl\u00e9 plusieurs fois dans certaines des aventures de Z\u00e9da en BD ou&#8230; <a href=\"https:\/\/davidneau.fr\/index.php\/2022\/04\/29\/en-route-pour-radio-libertaire\/\" class=\"more-link\">Continue reading <span class=\"screen-reader-text\">En route pour Radio Libertaire<\/span><\/a><\/p>\n","protected":false},"author":1,"featured_media":0,"comment_status":"open","ping_status":"open","sticky":false,"template":"","format":"standard","meta":{"jetpack_publicize_message":"Retour sur mon passage au #Ferr\u00e9Club \u00e0 RadioLibertaire chez @NuitNoireRL !","jetpack_is_tweetstorm":false,"jetpack_publicize_feature_enabled":true},"categories":[10],"tags":[],"jetpack_publicize_connections":[],"jetpack_featured_media_url":"","jetpack_sharing_enabled":true,"jetpack_shortlink":"https:\/\/wp.me\/pa9QkF-sy","_links":{"self":[{"href":"https:\/\/davidneau.fr\/index.php\/wp-json\/wp\/v2\/posts\/1770"}],"collection":[{"href":"https:\/\/davidneau.fr\/index.php\/wp-json\/wp\/v2\/posts"}],"about":[{"href":"https:\/\/davidneau.fr\/index.php\/wp-json\/wp\/v2\/types\/post"}],"author":[{"embeddable":true,"href":"https:\/\/davidneau.fr\/index.php\/wp-json\/wp\/v2\/users\/1"}],"replies":[{"embeddable":true,"href":"https:\/\/davidneau.fr\/index.php\/wp-json\/wp\/v2\/comments?post=1770"}],"version-history":[{"count":1,"href":"https:\/\/davidneau.fr\/index.php\/wp-json\/wp\/v2\/posts\/1770\/revisions"}],"predecessor-version":[{"id":1772,"href":"https:\/\/davidneau.fr\/index.php\/wp-json\/wp\/v2\/posts\/1770\/revisions\/1772"}],"wp:attachment":[{"href":"https:\/\/davidneau.fr\/index.php\/wp-json\/wp\/v2\/media?parent=1770"}],"wp:term":[{"taxonomy":"category","embeddable":true,"href":"https:\/\/davidneau.fr\/index.php\/wp-json\/wp\/v2\/categories?post=1770"},{"taxonomy":"post_tag","embeddable":true,"href":"https:\/\/davidneau.fr\/index.php\/wp-json\/wp\/v2\/tags?post=1770"}],"curies":[{"name":"wp","href":"https:\/\/api.w.org\/{rel}","templated":true}]}}