{"id":1779,"date":"2022-02-25T10:49:00","date_gmt":"2022-02-25T09:49:00","guid":{"rendered":"https:\/\/davidneau.fr\/?p=1779"},"modified":"2022-04-29T12:00:24","modified_gmt":"2022-04-29T11:00:24","slug":"zeda-invite-sur-une-fresque","status":"publish","type":"post","link":"https:\/\/davidneau.fr\/index.php\/2022\/02\/25\/zeda-invite-sur-une-fresque\/","title":{"rendered":"Z\u00e9da invit\u00e9 sur une fresque !"},"content":{"rendered":"\n<p>Bonjour, <\/p>\n\n\n\n<p>H\u00e9 oui, une tr\u00e8s bonne nouvelle. Un petit \u00e9v\u00e9nement qui s&rsquo;est pass\u00e9 dans le douzi\u00e8me arrondissement de Paris, au centre d&rsquo;animation de quartier Musidora, pr\u00e8s du cour Saint-Emilion. <\/p>\n\n\n\n<p>Miguel Donguy, peintre, artiste graphique polytalent a cr\u00e9\u00e9 pour le centre d&rsquo;animation Musidora une grande fresque sur vitrine ouverte \u00e0 tous. Lorsque je suis pass\u00e9 le voir &#8211; Miguel et moi nous connaissons depuis quelques ann\u00e9es maintenant &#8211; il m&rsquo;a propos\u00e9 de participer. apr\u00e8s un temps d&rsquo;h\u00e9sitation, je me suis lanc\u00e9 et bien s\u00fbr, c&rsquo;est Z\u00e9da qui est all\u00e9 rejoindre les autres personnages de la fresque dessin\u00e9 par tout un tas de personnes diff\u00e9rentes.  <\/p>\n\n\n\n<div class=\"wp-block-image\"><figure class=\"aligncenter size-full\"><img loading=\"lazy\" width=\"1024\" height=\"768\" src=\"https:\/\/davidneau.fr\/wp-content\/uploads\/2022\/04\/IMG-20220227-WA0001.jpg\" alt=\"\" class=\"wp-image-1780\" srcset=\"https:\/\/davidneau.fr\/wp-content\/uploads\/2022\/04\/IMG-20220227-WA0001.jpg 1024w, https:\/\/davidneau.fr\/wp-content\/uploads\/2022\/04\/IMG-20220227-WA0001-300x225.jpg 300w, https:\/\/davidneau.fr\/wp-content\/uploads\/2022\/04\/IMG-20220227-WA0001-768x576.jpg 768w, https:\/\/davidneau.fr\/wp-content\/uploads\/2022\/04\/IMG-20220227-WA0001-144x108.jpg 144w\" sizes=\"(max-width: 1024px) 100vw, 1024px\" \/><figcaption>La fresque avant l&rsquo;apparition de Z\u00e9da, un magnifique travail collectif<\/figcaption><\/figure><\/div>\n\n\n\n<p>C&rsquo;\u00e9tait la premi\u00e8re fois que je peignais sur une surface verticale, \u00e0 grande \u00e9chelle (compar\u00e9e \u00e0 mes feuilles A4, voire A5 habituelles). Du coup, je n&rsquo;\u00e9tais pas super \u00e0 l&rsquo;aise. Heureusement, les conseils attentionn\u00e9s de Miguel m&rsquo;ont aid\u00e9 \u00e0 passer le cap. Et voil\u00e0 le r\u00e9sultat !<\/p>\n\n\n\n<div class=\"wp-block-image\"><figure class=\"aligncenter size-full\"><img loading=\"lazy\" width=\"768\" height=\"1024\" src=\"https:\/\/davidneau.fr\/wp-content\/uploads\/2022\/04\/IMG-20220219-WA0008.jpg\" alt=\"\" class=\"wp-image-1783\" srcset=\"https:\/\/davidneau.fr\/wp-content\/uploads\/2022\/04\/IMG-20220219-WA0008.jpg 768w, https:\/\/davidneau.fr\/wp-content\/uploads\/2022\/04\/IMG-20220219-WA0008-225x300.jpg 225w, https:\/\/davidneau.fr\/wp-content\/uploads\/2022\/04\/IMG-20220219-WA0008-108x144.jpg 108w\" sizes=\"(max-width: 768px) 100vw, 768px\" \/><figcaption>La partie gauche de la fresque vu de l&rsquo;int\u00e9rieur du centre<\/figcaption><\/figure><\/div>\n\n\n\n<p>Z\u00e9da volant sur des feuilles de l&rsquo;arbre de la connaissance, entour\u00e9 d&rsquo;une danseuse et d&rsquo;autres personnages festifs. <\/p>\n\n\n\n<p>Cette fresque \u00e9tait l&rsquo;\u00e9v\u00e9nement qui marquait la nouvelle exposition de Miguel qui avait lieu dans le centre. Ses peintures color\u00e9es et vivantes valent le d\u00e9tour, et plus encore pour l&rsquo;\u00e9change avec l&rsquo;auteur. Miguel, pr\u00e9sent, prend le temps de faire un tour avec vous, de r\u00e9pondre \u00e0 vos questions, d&rsquo;expliquer son travail.  Artiste \u00e0 c\u0153ur ouvert, toujours en qu\u00eate d&rsquo;inspiration, il continue son chemin de p\u00e8lerin, nous entra\u00eenant \u00e0 sa suite pour le plus grand plaisir de nos yeux et de nos c\u0153urs.<\/p>\n\n\n\n<p>A bient\u00f4t&#8230;<\/p>\n<div style=\"padding-bottom:20px; padding-top:10px;\" class=\"hupso-share-buttons\"><!-- Hupso Share Buttons - https:\/\/www.hupso.com\/share\/ --><a class=\"hupso_toolbar\" href=\"https:\/\/www.hupso.com\/share\/\"><img src=\"https:\/\/static.hupso.com\/share\/buttons\/lang\/fr\/share-medium.png\" style=\"border:0px; padding-top: 5px; float:left;\" alt=\"Share Button\"\/><\/a><script type=\"text\/javascript\">var hupso_services_t=new Array(\"Twitter\",\"Facebook\",\"Google Plus\",\"Pinterest\",\"Linkedin\",\"Tumblr\",\"Reddit\",\"Sina Weibo\",\"Email\",\"Print\");var hupso_background_t=\"#EAF4FF\";var hupso_border_t=\"#66CCFF\";var hupso_toolbar_size_t=\"medium\";var hupso_image_folder_url = \"\";var hupso_twitter_via=\"DVNEAU\";var hupso_url_t=\"\";var hupso_title_t=\"Z%C3%A9da%20invit%C3%A9%20sur%20une%20fresque%20%21\";<\/script><script type=\"text\/javascript\" src=\"https:\/\/static.hupso.com\/share\/js\/share_toolbar.js\"><\/script><!-- Hupso Share Buttons --><\/div>","protected":false},"excerpt":{"rendered":"<p>Bonjour, H\u00e9 oui, une tr\u00e8s bonne nouvelle. Un petit \u00e9v\u00e9nement qui s&rsquo;est pass\u00e9 dans le douzi\u00e8me arrondissement de Paris, au centre d&rsquo;animation de quartier Musidora, pr\u00e8s du cour Saint-Emilion. Miguel Donguy, peintre, artiste graphique polytalent a cr\u00e9\u00e9 pour le centre d&rsquo;animation Musidora une grande fresque sur vitrine ouverte \u00e0 tous. Lorsque je suis pass\u00e9 le&#8230; <a href=\"https:\/\/davidneau.fr\/index.php\/2022\/02\/25\/zeda-invite-sur-une-fresque\/\" class=\"more-link\">Continue reading <span class=\"screen-reader-text\">Z\u00e9da invit\u00e9 sur une fresque !<\/span><\/a><\/p>\n","protected":false},"author":1,"featured_media":0,"comment_status":"open","ping_status":"open","sticky":false,"template":"","format":"standard","meta":{"jetpack_publicize_message":"Souvenir d'une fresque dessin\u00e9e !","jetpack_is_tweetstorm":false,"jetpack_publicize_feature_enabled":true},"categories":[10],"tags":[59,60,58],"jetpack_publicize_connections":[],"jetpack_featured_media_url":"","jetpack_sharing_enabled":true,"jetpack_shortlink":"https:\/\/wp.me\/pa9QkF-sH","_links":{"self":[{"href":"https:\/\/davidneau.fr\/index.php\/wp-json\/wp\/v2\/posts\/1779"}],"collection":[{"href":"https:\/\/davidneau.fr\/index.php\/wp-json\/wp\/v2\/posts"}],"about":[{"href":"https:\/\/davidneau.fr\/index.php\/wp-json\/wp\/v2\/types\/post"}],"author":[{"embeddable":true,"href":"https:\/\/davidneau.fr\/index.php\/wp-json\/wp\/v2\/users\/1"}],"replies":[{"embeddable":true,"href":"https:\/\/davidneau.fr\/index.php\/wp-json\/wp\/v2\/comments?post=1779"}],"version-history":[{"count":1,"href":"https:\/\/davidneau.fr\/index.php\/wp-json\/wp\/v2\/posts\/1779\/revisions"}],"predecessor-version":[{"id":1784,"href":"https:\/\/davidneau.fr\/index.php\/wp-json\/wp\/v2\/posts\/1779\/revisions\/1784"}],"wp:attachment":[{"href":"https:\/\/davidneau.fr\/index.php\/wp-json\/wp\/v2\/media?parent=1779"}],"wp:term":[{"taxonomy":"category","embeddable":true,"href":"https:\/\/davidneau.fr\/index.php\/wp-json\/wp\/v2\/categories?post=1779"},{"taxonomy":"post_tag","embeddable":true,"href":"https:\/\/davidneau.fr\/index.php\/wp-json\/wp\/v2\/tags?post=1779"}],"curies":[{"name":"wp","href":"https:\/\/api.w.org\/{rel}","templated":true}]}}