{"id":247,"date":"2019-02-22T18:57:00","date_gmt":"2019-02-22T17:57:00","guid":{"rendered":"https:\/\/davidneau.fr\/?p=247"},"modified":"2020-01-23T21:31:12","modified_gmt":"2020-01-23T20:31:12","slug":"pamela-target-repart-pour-une-saison-2","status":"publish","type":"post","link":"https:\/\/davidneau.fr\/index.php\/2019\/02\/22\/pamela-target-repart-pour-une-saison-2\/","title":{"rendered":"Pamela Target repart pour une saison 2"},"content":{"rendered":"\n<p>Bonjour \u00e0 tous, <\/p>\n\n\n\n<p>H\u00e9 oui, j&rsquo;ai travaill\u00e9 sur ce super projet audio avec deux autres co-auteurs tout aussi fou que moi, Katia Grivot et Pascal Senicourt. On avait r\u00e9ussi \u00e0 pondre une saison 1 de 33 \u00e9pisodes et on s&rsquo;est lanc\u00e9 le d\u00e9fi de continuer avec la saison 2 de cette s\u00e9rie de fiction audio qui devait  normalement \u00eatre compos\u00e9e de 3 saisons.<\/p>\n\n\n\n<p>Une s\u00e9rie audio, c&rsquo;est une s\u00e9rie de fiction qui s&rsquo;\u00e9coute avec un casque. Pas d&rsquo;image, il n&rsquo;y a que le son pour vous raccrocher et vous faire suivre l&rsquo;histoire. Et du coup, vous avez plus de chance de laisser vagabonder votre imagination car aucune image ne vous impose \u00e0 quoi ressemblent les personnages ou les d\u00e9cors. <\/p>\n\n\n\n<p>Notre s\u00e9rie est feuilletonnante, il faut donc \u00e9couter les \u00e9pisodes dans l&rsquo;ordre pour suivre les intrigues. Des intrigues ? Mais de quoi \u00e7a parle ? Pamela Target raconte l&rsquo;histoire d&rsquo;animaux qui vivent dans une arche paradisiaque, o\u00f9 tout va basculer quand vont entrer en sc\u00e8ne un bousier amn\u00e9sique et un lapin p\u00e9teur psychopathe. Oui, j&rsquo;ai dit psychopathe. Donc \u00e0 d\u00e9conseiller aux enfants. <\/p>\n\n\n\n<p>On voulait faire une s\u00e9rie fun, barr\u00e9e, funky et bourr\u00e9e de r\u00e9f\u00e9rences aux films et s\u00e9ries cultes de notre vie. Et on esp\u00e8re avoir r\u00e9ussi. Voici pour d\u00e9marrer l&rsquo;\u00e9pisode 0 de la saison 2, un petit hors-s\u00e9rie de No\u00ebl mais pas si hors-s\u00e9rie que \u00e7a, of course :<\/p>\n\n\n\n<figure class=\"wp-block-embed-wordpress wp-block-embed is-type-wp-embed\"><div class=\"wp-block-embed__wrapper\">\nhttps:\/\/radiopublic.com\/pamela-target-8XR1ee\/s1!e38be\n<\/div><\/figure>\n\n\n\n<p>\u00c7a vous a plu ? Alors venez \u00e9couter la suite sur notre site <a rel=\"noreferrer noopener\" aria-label=\"Pamela Target (opens in a new tab)\" href=\"https:\/\/www.pamelatarget.com\/index.php\/pamela-target-credits\/\" target=\"_blank\">Pamela Target<\/a> ! scrollez en bas de page pour \u00e9couter les \u00e9pisodes les plus anciens. <\/p>\n\n\n\n<p>A bient\u00f4t&#8230;<\/p>\n<div style=\"padding-bottom:20px; padding-top:10px;\" class=\"hupso-share-buttons\"><!-- Hupso Share Buttons - https:\/\/www.hupso.com\/share\/ --><a class=\"hupso_toolbar\" href=\"https:\/\/www.hupso.com\/share\/\"><img src=\"https:\/\/static.hupso.com\/share\/buttons\/lang\/fr\/share-medium.png\" style=\"border:0px; padding-top: 5px; float:left;\" alt=\"Share Button\"\/><\/a><script type=\"text\/javascript\">var hupso_services_t=new Array(\"Twitter\",\"Facebook\",\"Google Plus\",\"Pinterest\",\"Linkedin\",\"Tumblr\",\"Reddit\",\"Sina Weibo\",\"Email\",\"Print\");var hupso_background_t=\"#EAF4FF\";var hupso_border_t=\"#66CCFF\";var hupso_toolbar_size_t=\"medium\";var hupso_image_folder_url = \"\";var hupso_twitter_via=\"DVNEAU\";var hupso_url_t=\"\";var hupso_title_t=\"Pamela%20Target%20repart%20pour%20une%20saison%202\";<\/script><script type=\"text\/javascript\" src=\"https:\/\/static.hupso.com\/share\/js\/share_toolbar.js\"><\/script><!-- Hupso Share Buttons --><\/div>","protected":false},"excerpt":{"rendered":"<p>Bonjour \u00e0 tous, H\u00e9 oui, j&rsquo;ai travaill\u00e9 sur ce super projet audio avec deux autres co-auteurs tout aussi fou que moi, Katia Grivot et Pascal Senicourt. On avait r\u00e9ussi \u00e0 pondre une saison 1 de 33 \u00e9pisodes et on s&rsquo;est lanc\u00e9 le d\u00e9fi de continuer avec la saison 2 de cette s\u00e9rie de fiction audio&#8230; <a href=\"https:\/\/davidneau.fr\/index.php\/2019\/02\/22\/pamela-target-repart-pour-une-saison-2\/\" class=\"more-link\">Continue reading <span class=\"screen-reader-text\">Pamela Target repart pour une saison 2<\/span><\/a><\/p>\n","protected":false},"author":1,"featured_media":0,"comment_status":"open","ping_status":"open","sticky":false,"template":"","format":"standard","meta":{"jetpack_publicize_message":"","jetpack_is_tweetstorm":false,"jetpack_publicize_feature_enabled":true},"categories":[10],"tags":[16,18,17],"jetpack_publicize_connections":[],"jetpack_featured_media_url":"","jetpack_sharing_enabled":true,"jetpack_shortlink":"https:\/\/wp.me\/pa9QkF-3Z","_links":{"self":[{"href":"https:\/\/davidneau.fr\/index.php\/wp-json\/wp\/v2\/posts\/247"}],"collection":[{"href":"https:\/\/davidneau.fr\/index.php\/wp-json\/wp\/v2\/posts"}],"about":[{"href":"https:\/\/davidneau.fr\/index.php\/wp-json\/wp\/v2\/types\/post"}],"author":[{"embeddable":true,"href":"https:\/\/davidneau.fr\/index.php\/wp-json\/wp\/v2\/users\/1"}],"replies":[{"embeddable":true,"href":"https:\/\/davidneau.fr\/index.php\/wp-json\/wp\/v2\/comments?post=247"}],"version-history":[{"count":3,"href":"https:\/\/davidneau.fr\/index.php\/wp-json\/wp\/v2\/posts\/247\/revisions"}],"predecessor-version":[{"id":271,"href":"https:\/\/davidneau.fr\/index.php\/wp-json\/wp\/v2\/posts\/247\/revisions\/271"}],"wp:attachment":[{"href":"https:\/\/davidneau.fr\/index.php\/wp-json\/wp\/v2\/media?parent=247"}],"wp:term":[{"taxonomy":"category","embeddable":true,"href":"https:\/\/davidneau.fr\/index.php\/wp-json\/wp\/v2\/categories?post=247"},{"taxonomy":"post_tag","embeddable":true,"href":"https:\/\/davidneau.fr\/index.php\/wp-json\/wp\/v2\/tags?post=247"}],"curies":[{"name":"wp","href":"https:\/\/api.w.org\/{rel}","templated":true}]}}