{"id":405,"date":"2019-06-02T18:42:00","date_gmt":"2019-06-02T17:42:00","guid":{"rendered":"https:\/\/davidneau.fr\/?p=405"},"modified":"2020-03-02T19:08:47","modified_gmt":"2020-03-02T18:08:47","slug":"paris-a-la-une","status":"publish","type":"post","link":"https:\/\/davidneau.fr\/index.php\/2019\/06\/02\/paris-a-la-une\/","title":{"rendered":"Paris \u00e0 la Une"},"content":{"rendered":"\n<p>Une bonne nouvelle et un petit \u00e9v\u00e9nement. Je pr\u00e9ciserai que les deux sont li\u00e9s.<\/p>\n\n\n\n<p>En effet, le vendredi 28 juin au soir, sort le nouveau fanzine de l&rsquo;atelier 54, consacr\u00e9 \u00e0 Paris. Je fais partie de ce collectif et j&rsquo;ai donc contribu\u00e9 d&rsquo;une histoire courte de quelques pages sur le th\u00e8me de Paris.<\/p>\n\n\n\n<p>Et hop, un visuel !<\/p>\n\n\n\n<figure class=\"wp-block-image size-large\"><img loading=\"lazy\" width=\"714\" height=\"1024\" src=\"https:\/\/davidneau.fr\/wp-content\/uploads\/2020\/03\/Fanzine-Paris-Couv-comp-714x1024.jpg\" alt=\"\" class=\"wp-image-406\" srcset=\"https:\/\/davidneau.fr\/wp-content\/uploads\/2020\/03\/Fanzine-Paris-Couv-comp-714x1024.jpg 714w, https:\/\/davidneau.fr\/wp-content\/uploads\/2020\/03\/Fanzine-Paris-Couv-comp-209x300.jpg 209w, https:\/\/davidneau.fr\/wp-content\/uploads\/2020\/03\/Fanzine-Paris-Couv-comp-768x1101.jpg 768w, https:\/\/davidneau.fr\/wp-content\/uploads\/2020\/03\/Fanzine-Paris-Couv-comp-1072x1536.jpg 1072w, https:\/\/davidneau.fr\/wp-content\/uploads\/2020\/03\/Fanzine-Paris-Couv-comp-1429x2048.jpg 1429w, https:\/\/davidneau.fr\/wp-content\/uploads\/2020\/03\/Fanzine-Paris-Couv-comp-100x144.jpg 100w, https:\/\/davidneau.fr\/wp-content\/uploads\/2020\/03\/Fanzine-Paris-Couv-comp-scaled.jpg 1786w\" sizes=\"(max-width: 714px) 100vw, 714px\" \/><\/figure>\n\n\n\n<p>Pour marquer le coup, un petit \u00e9v\u00e9nement avec vente et d\u00e9dicace est organis\u00e9 par l&rsquo;atelier 54 \u00e0 la librairie Plan\u00e8te Dessin situ\u00e9 au 17 rue Littr\u00e9 dans le sixi\u00e8me arrondissement de Paris. Rendez-vous le vendredi 28 juin (je pr\u00e9f\u00e8re le redire deux fois :^)) \u00e0 partir de 19h.<\/p>\n\n\n\n<p>L&rsquo;occasion pour tout un chacun de d\u00e9couvrir une librairie sympa, un fanzine super sympa, ainsi qu&rsquo;un collectif de dessinateurs ultra-sympas ! <\/p>\n\n\n\n<p>Et derni\u00e8re petite info, pour ce fanzine, je me suis fendu d&rsquo;une belle histoire en couleurs r\u00e9alis\u00e9 enti\u00e8rement \u00e0 l&rsquo;aquarelle et \u00e0 l&rsquo;encre intitul\u00e9e \u00ab\u00a0Paris, ses veilles\u00a0\u00bb. Toute ressemblance&#8230;<\/p>\n\n\n\n<p>Au plaisir de vous croiser&#8230; <\/p>\n<div style=\"padding-bottom:20px; padding-top:10px;\" class=\"hupso-share-buttons\"><!-- Hupso Share Buttons - https:\/\/www.hupso.com\/share\/ --><a class=\"hupso_toolbar\" href=\"https:\/\/www.hupso.com\/share\/\"><img src=\"https:\/\/static.hupso.com\/share\/buttons\/lang\/fr\/share-medium.png\" style=\"border:0px; padding-top: 5px; float:left;\" alt=\"Share Button\"\/><\/a><script type=\"text\/javascript\">var hupso_services_t=new Array(\"Twitter\",\"Facebook\",\"Google Plus\",\"Pinterest\",\"Linkedin\",\"Tumblr\",\"Reddit\",\"Sina Weibo\",\"Email\",\"Print\");var hupso_background_t=\"#EAF4FF\";var hupso_border_t=\"#66CCFF\";var hupso_toolbar_size_t=\"medium\";var hupso_image_folder_url = \"\";var hupso_twitter_via=\"DVNEAU\";var hupso_url_t=\"\";var hupso_title_t=\"Paris%20%C3%A0%20la%20Une\";<\/script><script type=\"text\/javascript\" src=\"https:\/\/static.hupso.com\/share\/js\/share_toolbar.js\"><\/script><!-- Hupso Share Buttons --><\/div>","protected":false},"excerpt":{"rendered":"<p>Une bonne nouvelle et un petit \u00e9v\u00e9nement. Je pr\u00e9ciserai que les deux sont li\u00e9s. En effet, le vendredi 28 juin au soir, sort le nouveau fanzine de l&rsquo;atelier 54, consacr\u00e9 \u00e0 Paris. Je fais partie de ce collectif et j&rsquo;ai donc contribu\u00e9 d&rsquo;une histoire courte de quelques pages sur le th\u00e8me de Paris. Et hop,&#8230; <a href=\"https:\/\/davidneau.fr\/index.php\/2019\/06\/02\/paris-a-la-une\/\" class=\"more-link\">Continue reading <span class=\"screen-reader-text\">Paris \u00e0 la Une<\/span><\/a><\/p>\n","protected":false},"author":1,"featured_media":0,"comment_status":"open","ping_status":"open","sticky":false,"template":"","format":"standard","meta":{"jetpack_publicize_message":"Dans cet article, j'annonce d'une soir\u00e9e d\u00e9dicace pour f\u00eater la sortie du fanzine Paris de l'@atelierBD54 !","jetpack_is_tweetstorm":false,"jetpack_publicize_feature_enabled":true},"categories":[10],"tags":[28,25,26,27],"jetpack_publicize_connections":[],"jetpack_featured_media_url":"","jetpack_sharing_enabled":true,"jetpack_shortlink":"https:\/\/wp.me\/pa9QkF-6x","_links":{"self":[{"href":"https:\/\/davidneau.fr\/index.php\/wp-json\/wp\/v2\/posts\/405"}],"collection":[{"href":"https:\/\/davidneau.fr\/index.php\/wp-json\/wp\/v2\/posts"}],"about":[{"href":"https:\/\/davidneau.fr\/index.php\/wp-json\/wp\/v2\/types\/post"}],"author":[{"embeddable":true,"href":"https:\/\/davidneau.fr\/index.php\/wp-json\/wp\/v2\/users\/1"}],"replies":[{"embeddable":true,"href":"https:\/\/davidneau.fr\/index.php\/wp-json\/wp\/v2\/comments?post=405"}],"version-history":[{"count":1,"href":"https:\/\/davidneau.fr\/index.php\/wp-json\/wp\/v2\/posts\/405\/revisions"}],"predecessor-version":[{"id":407,"href":"https:\/\/davidneau.fr\/index.php\/wp-json\/wp\/v2\/posts\/405\/revisions\/407"}],"wp:attachment":[{"href":"https:\/\/davidneau.fr\/index.php\/wp-json\/wp\/v2\/media?parent=405"}],"wp:term":[{"taxonomy":"category","embeddable":true,"href":"https:\/\/davidneau.fr\/index.php\/wp-json\/wp\/v2\/categories?post=405"},{"taxonomy":"post_tag","embeddable":true,"href":"https:\/\/davidneau.fr\/index.php\/wp-json\/wp\/v2\/tags?post=405"}],"curies":[{"name":"wp","href":"https:\/\/api.w.org\/{rel}","templated":true}]}}