{"id":547,"date":"2019-12-20T10:20:00","date_gmt":"2019-12-20T09:20:00","guid":{"rendered":"https:\/\/davidneau.fr\/?p=547"},"modified":"2020-04-30T14:56:11","modified_gmt":"2020-04-30T13:56:11","slug":"climat-la-une","status":"publish","type":"post","link":"https:\/\/davidneau.fr\/index.php\/2019\/12\/20\/climat-la-une\/","title":{"rendered":"Climat \u00e0 la une !"},"content":{"rendered":"\n<p>H\u00e9 oui, Je suis membre de l&rsquo;Atelier 54, une association de dessinateurs. Et nous produisons un fanzine, voire deux par an. Notre sixi\u00e8me fanzine \u00e9tait sur le climat. Et nous l&rsquo;avons pr\u00e9sent\u00e9 lors du Salon SoBD de ce mois de d\u00e9cembre 2019.  <\/p>\n\n\n\n<p>En effet, les 6, 7 et 8 d\u00e9cembre, nous avons particip\u00e9 au salon SoBD de deux mani\u00e8res. Comme l&rsquo;ann\u00e9e pr\u00e9c\u00e9dente, nous avons mont\u00e9 une exposition de plusieurs des planches des dessinateurs de l&rsquo;asso. Une exposition qui a pris place au caf\u00e9 Les voltigeurs pour le Off du festival. Et nous avons eu un stand dans le salon. Sur ce stand, nous avons pu vendre nos fanzines, dont le petit nouveau sur le th\u00e8me du Climat, dont voici la couverture :<\/p>\n\n\n\n<figure class=\"wp-block-image size-large\"><img loading=\"lazy\" width=\"679\" height=\"1024\" src=\"https:\/\/davidneau.fr\/wp-content\/uploads\/2020\/04\/couv-Climat-SD-679x1024.jpg\" alt=\"\" class=\"wp-image-548\" srcset=\"https:\/\/davidneau.fr\/wp-content\/uploads\/2020\/04\/couv-Climat-SD-679x1024.jpg 679w, https:\/\/davidneau.fr\/wp-content\/uploads\/2020\/04\/couv-Climat-SD-199x300.jpg 199w, https:\/\/davidneau.fr\/wp-content\/uploads\/2020\/04\/couv-Climat-SD-768x1159.jpg 768w, https:\/\/davidneau.fr\/wp-content\/uploads\/2020\/04\/couv-Climat-SD-1018x1536.jpg 1018w, https:\/\/davidneau.fr\/wp-content\/uploads\/2020\/04\/couv-Climat-SD-1357x2048.jpg 1357w, https:\/\/davidneau.fr\/wp-content\/uploads\/2020\/04\/couv-Climat-SD-95x144.jpg 95w, https:\/\/davidneau.fr\/wp-content\/uploads\/2020\/04\/couv-Climat-SD-scaled.jpg 1697w\" sizes=\"(max-width: 679px) 100vw, 679px\" \/><\/figure>\n\n\n\n<p>Ce fut une tr\u00e8s belle exp\u00e9rience. Nous avons tourn\u00e9 pour \u00eatre toujours au moins trois voire quatre sur le stand. Et nous avons propos\u00e9 \u00e0 la vente nos fanzines mais aussi des cartes postales cr\u00e9es \u00e0 partir des dessins de chacun.<\/p>\n\n\n\n<p>Ce fut un week-end riche en rencontres, en d\u00e9dicaces, en \u00e9changes avec du public venu de tout horizon. Des amateurs de BD polonais, des \u00e9tudiants Chinois, des organisateurs d&rsquo;\u00e9v\u00e9nements Fran\u00e7ais et m\u00eame un journaliste Cor\u00e9en ! Comptez en plus de cela des amateurs qui ont achet\u00e9 nos fanzines ou des cartes. Malgr\u00e9 les gr\u00e8ves qui ont bloqu\u00e9 la France, le salon \u00e9tait bien rempli et nombreux sont ceux venus \u00e0 v\u00e9lo, \u00e0 pied, en m\u00e9tro, en moto, en trottinette pour profiter de ce petit salon.<\/p>\n\n\n\n<p>D&rsquo;ailleurs, dans cette petite vid\u00e9o de 7 minutes r\u00e9alis\u00e9e par SoBD, vous pouvez voir \u00e0 0&rsquo;34 certaines des planches expos\u00e9es dans le off, \u00e0 5&rsquo;55 votre serviteur en train de r\u00e9aliser une d\u00e9dicace et \u00e0 6&rsquo;13 notre stand Atelier 54 :<\/p>\n\n\n\n<figure class=\"wp-block-embed-youtube wp-block-embed is-type-video is-provider-youtube wp-embed-aspect-16-9 wp-has-aspect-ratio\"><div class=\"wp-block-embed__wrapper\">\n<span class=\"embed-youtube\" style=\"text-align:center; display: block;\"><iframe loading=\"lazy\" class=\"youtube-player\" width=\"750\" height=\"422\" src=\"https:\/\/www.youtube.com\/embed\/dyGJlxhHRek?version=3&#038;rel=1&#038;showsearch=0&#038;showinfo=1&#038;iv_load_policy=1&#038;fs=1&#038;hl=fr-FR&#038;autohide=2&#038;wmode=transparent\" allowfullscreen=\"true\" style=\"border:0;\" sandbox=\"allow-scripts allow-same-origin allow-popups allow-presentation\"><\/iframe><\/span>\n<\/div><\/figure>\n\n\n\n<p>Merci aux organisateurs de nous avoir accept\u00e9, merci \u00e0 l&rsquo;\u00e9quipe pour la super gestion du salon sur le week-end, merci au public d&rsquo;avoir r\u00e9pondu pr\u00e9sent en d\u00e9pit des gr\u00e8ves de transport et merci \u00e0 tous ceux qui sont venus nous voir. J&rsquo;esp\u00e8re qu&rsquo;en d\u00e9cembre prochain, nous pourrons remettre cela avec vous tous !<\/p>\n\n\n\n<p>Alors \u00e0 bient\u00f4t&#8230;<\/p>\n<div style=\"padding-bottom:20px; padding-top:10px;\" class=\"hupso-share-buttons\"><!-- Hupso Share Buttons - https:\/\/www.hupso.com\/share\/ --><a class=\"hupso_toolbar\" href=\"https:\/\/www.hupso.com\/share\/\"><img src=\"https:\/\/static.hupso.com\/share\/buttons\/lang\/fr\/share-medium.png\" style=\"border:0px; padding-top: 5px; float:left;\" alt=\"Share Button\"\/><\/a><script type=\"text\/javascript\">var hupso_services_t=new Array(\"Twitter\",\"Facebook\",\"Google Plus\",\"Pinterest\",\"Linkedin\",\"Tumblr\",\"Reddit\",\"Sina Weibo\",\"Email\",\"Print\");var hupso_background_t=\"#EAF4FF\";var hupso_border_t=\"#66CCFF\";var hupso_toolbar_size_t=\"medium\";var hupso_image_folder_url = \"\";var hupso_twitter_via=\"DVNEAU\";var hupso_url_t=\"\";var hupso_title_t=\"Climat%20%C3%A0%20la%20une%20%21\";<\/script><script type=\"text\/javascript\" src=\"https:\/\/static.hupso.com\/share\/js\/share_toolbar.js\"><\/script><!-- Hupso Share Buttons --><\/div>","protected":false},"excerpt":{"rendered":"<p>H\u00e9 oui, Je suis membre de l&rsquo;Atelier 54, une association de dessinateurs. Et nous produisons un fanzine, voire deux par an. Notre sixi\u00e8me fanzine \u00e9tait sur le climat. Et nous l&rsquo;avons pr\u00e9sent\u00e9 lors du Salon SoBD de ce mois de d\u00e9cembre 2019. En effet, les 6, 7 et 8 d\u00e9cembre, nous avons particip\u00e9 au salon&#8230; <a href=\"https:\/\/davidneau.fr\/index.php\/2019\/12\/20\/climat-la-une\/\" class=\"more-link\">Continue reading <span class=\"screen-reader-text\">Climat \u00e0 la une !<\/span><\/a><\/p>\n","protected":false},"author":1,"featured_media":0,"comment_status":"open","ping_status":"open","sticky":false,"template":"","format":"standard","meta":{"jetpack_publicize_message":"Nouvel article sur ma pr\u00e9sence avec @54atelier au salon SoBD 2019 !","jetpack_is_tweetstorm":false,"jetpack_publicize_feature_enabled":true},"categories":[10],"tags":[28,25,27],"jetpack_publicize_connections":[],"jetpack_featured_media_url":"","jetpack_sharing_enabled":true,"jetpack_shortlink":"https:\/\/wp.me\/pa9QkF-8P","_links":{"self":[{"href":"https:\/\/davidneau.fr\/index.php\/wp-json\/wp\/v2\/posts\/547"}],"collection":[{"href":"https:\/\/davidneau.fr\/index.php\/wp-json\/wp\/v2\/posts"}],"about":[{"href":"https:\/\/davidneau.fr\/index.php\/wp-json\/wp\/v2\/types\/post"}],"author":[{"embeddable":true,"href":"https:\/\/davidneau.fr\/index.php\/wp-json\/wp\/v2\/users\/1"}],"replies":[{"embeddable":true,"href":"https:\/\/davidneau.fr\/index.php\/wp-json\/wp\/v2\/comments?post=547"}],"version-history":[{"count":3,"href":"https:\/\/davidneau.fr\/index.php\/wp-json\/wp\/v2\/posts\/547\/revisions"}],"predecessor-version":[{"id":559,"href":"https:\/\/davidneau.fr\/index.php\/wp-json\/wp\/v2\/posts\/547\/revisions\/559"}],"wp:attachment":[{"href":"https:\/\/davidneau.fr\/index.php\/wp-json\/wp\/v2\/media?parent=547"}],"wp:term":[{"taxonomy":"category","embeddable":true,"href":"https:\/\/davidneau.fr\/index.php\/wp-json\/wp\/v2\/categories?post=547"},{"taxonomy":"post_tag","embeddable":true,"href":"https:\/\/davidneau.fr\/index.php\/wp-json\/wp\/v2\/tags?post=547"}],"curies":[{"name":"wp","href":"https:\/\/api.w.org\/{rel}","templated":true}]}}