{"id":557,"date":"2020-01-17T10:42:00","date_gmt":"2020-01-17T09:42:00","guid":{"rendered":"https:\/\/davidneau.fr\/?p=557"},"modified":"2020-05-07T14:45:06","modified_gmt":"2020-05-07T13:45:06","slug":"pamela-target-fin-de-la-saison-2","status":"publish","type":"post","link":"https:\/\/davidneau.fr\/index.php\/2020\/01\/17\/pamela-target-fin-de-la-saison-2\/","title":{"rendered":"Pamela Target, fin de la saison 2 !"},"content":{"rendered":"\n<p>H\u00e9 oui, Pamela Target, la s\u00e9rie audio que nous avons lanc\u00e9 avec mes deux co-auteurs et amis, Pascal et Katia, a pass\u00e9 un cap. Nous avons fini la saison 2 en d\u00e9cembre ! Si vous avez rat\u00e9 certains \u00e9pisodes, ou si vous souhaitez \u00e9couter cette deuxi\u00e8me saison dans son int\u00e9gralit\u00e9, rendez-vous sur soundcloud : <\/p>\n\n\n\n<figure class=\"wp-block-embed-soundcloud wp-block-embed is-type-rich is-provider-soundcloud wp-embed-aspect-4-3 wp-has-aspect-ratio\"><div class=\"wp-block-embed__wrapper\">\n<iframe loading=\"lazy\" title=\"Pamela Target SAISON 02 by Pamela Target\" width=\"750\" height=\"450\" scrolling=\"no\" frameborder=\"no\" src=\"https:\/\/w.soundcloud.com\/player\/?visual=true&#038;url=https%3A%2F%2Fapi.soundcloud.com%2Fplaylists%2F726480741&#038;show_artwork=true&#038;maxheight=1000&#038;maxwidth=750\"><\/iframe>\n<\/div><\/figure>\n\n\n\n<p>Mais attention, si la saison deux est boucl\u00e9e, la s\u00e9rie n&rsquo;est pas encore achev\u00e9e. Elle finira en apoth\u00e9ose dans une saison trois d\u00e9lirante. Nous travaillons dessus et esp\u00e9rons bien revenir en force pour septembre 2020. Et d&rsquo;ici l\u00e0, bien s\u00fbr, nous aurons quelque surprises pour vous afin de vous faire patienter. <\/p>\n\n\n\n<p>A bient\u00f4t&#8230;<\/p>\n<div style=\"padding-bottom:20px; padding-top:10px;\" class=\"hupso-share-buttons\"><!-- Hupso Share Buttons - https:\/\/www.hupso.com\/share\/ --><a class=\"hupso_toolbar\" href=\"https:\/\/www.hupso.com\/share\/\"><img src=\"https:\/\/static.hupso.com\/share\/buttons\/lang\/fr\/share-medium.png\" style=\"border:0px; padding-top: 5px; float:left;\" alt=\"Share Button\"\/><\/a><script type=\"text\/javascript\">var hupso_services_t=new Array(\"Twitter\",\"Facebook\",\"Google Plus\",\"Pinterest\",\"Linkedin\",\"Tumblr\",\"Reddit\",\"Sina Weibo\",\"Email\",\"Print\");var hupso_background_t=\"#EAF4FF\";var hupso_border_t=\"#66CCFF\";var hupso_toolbar_size_t=\"medium\";var hupso_image_folder_url = \"\";var hupso_twitter_via=\"DVNEAU\";var hupso_url_t=\"\";var hupso_title_t=\"Pamela%20Target%2C%20fin%20de%20la%20saison%202%20%21\";<\/script><script type=\"text\/javascript\" src=\"https:\/\/static.hupso.com\/share\/js\/share_toolbar.js\"><\/script><!-- Hupso Share Buttons --><\/div>","protected":false},"excerpt":{"rendered":"<p>H\u00e9 oui, Pamela Target, la s\u00e9rie audio que nous avons lanc\u00e9 avec mes deux co-auteurs et amis, Pascal et Katia, a pass\u00e9 un cap. Nous avons fini la saison 2 en d\u00e9cembre ! Si vous avez rat\u00e9 certains \u00e9pisodes, ou si vous souhaitez \u00e9couter cette deuxi\u00e8me saison dans son int\u00e9gralit\u00e9, rendez-vous sur soundcloud : Mais&#8230; <a href=\"https:\/\/davidneau.fr\/index.php\/2020\/01\/17\/pamela-target-fin-de-la-saison-2\/\" class=\"more-link\">Continue reading <span class=\"screen-reader-text\">Pamela Target, fin de la saison 2 !<\/span><\/a><\/p>\n","protected":false},"author":1,"featured_media":0,"comment_status":"open","ping_status":"open","sticky":false,"template":"","format":"standard","meta":{"jetpack_publicize_message":"Fin de saison 2 pour Pamela Target, mais rien n'est jou\u00e9 !","jetpack_is_tweetstorm":false,"jetpack_publicize_feature_enabled":true},"categories":[10,4],"tags":[16,18,17],"jetpack_publicize_connections":[],"jetpack_featured_media_url":"","jetpack_sharing_enabled":true,"jetpack_shortlink":"https:\/\/wp.me\/pa9QkF-8Z","_links":{"self":[{"href":"https:\/\/davidneau.fr\/index.php\/wp-json\/wp\/v2\/posts\/557"}],"collection":[{"href":"https:\/\/davidneau.fr\/index.php\/wp-json\/wp\/v2\/posts"}],"about":[{"href":"https:\/\/davidneau.fr\/index.php\/wp-json\/wp\/v2\/types\/post"}],"author":[{"embeddable":true,"href":"https:\/\/davidneau.fr\/index.php\/wp-json\/wp\/v2\/users\/1"}],"replies":[{"embeddable":true,"href":"https:\/\/davidneau.fr\/index.php\/wp-json\/wp\/v2\/comments?post=557"}],"version-history":[{"count":8,"href":"https:\/\/davidneau.fr\/index.php\/wp-json\/wp\/v2\/posts\/557\/revisions"}],"predecessor-version":[{"id":576,"href":"https:\/\/davidneau.fr\/index.php\/wp-json\/wp\/v2\/posts\/557\/revisions\/576"}],"wp:attachment":[{"href":"https:\/\/davidneau.fr\/index.php\/wp-json\/wp\/v2\/media?parent=557"}],"wp:term":[{"taxonomy":"category","embeddable":true,"href":"https:\/\/davidneau.fr\/index.php\/wp-json\/wp\/v2\/categories?post=557"},{"taxonomy":"post_tag","embeddable":true,"href":"https:\/\/davidneau.fr\/index.php\/wp-json\/wp\/v2\/tags?post=557"}],"curies":[{"name":"wp","href":"https:\/\/api.w.org\/{rel}","templated":true}]}}