{"id":631,"date":"2020-04-24T10:27:00","date_gmt":"2020-04-24T09:27:00","guid":{"rendered":"https:\/\/davidneau.fr\/?p=631"},"modified":"2020-06-13T10:08:53","modified_gmt":"2020-06-13T09:08:53","slug":"poison-davril","status":"publish","type":"post","link":"https:\/\/davidneau.fr\/index.php\/2020\/04\/24\/poison-davril\/","title":{"rendered":"Poison d&rsquo;avril"},"content":{"rendered":"\n<p>Ce poison a commenc\u00e9 \u00e0 se r\u00e9pandre \u00e0 petite dose depuis bien avant ce mois d&rsquo;avril. Le Virus du COVID-19 s&rsquo;est propag\u00e9 dans le monde, a provoqu\u00e9 de nombreux d\u00e9c\u00e8s et rendu encore plus de gens malades. La r\u00e9action ne s&rsquo;est pas faite attendre &#8211; ou peut-\u00eatre, si, un petit peu quand m\u00eame -. Suite aux mesures gouvernementales, nous voil\u00e0 donc en confinement. Tous \u00e9galement trait\u00e9s de la m\u00eame mani\u00e8re, mais il s&rsquo;av\u00e8re que nous ne sommes pas tous \u00e9gaux face au confinement. \u00catre cloitr\u00e9 chez soi, ce n&rsquo;est pas la m\u00eame chose quand on est seul dans un grand appartement avec terrasse que si l&rsquo;on est un couple avec trois enfants dans un 43m2 mal agenc\u00e9. Le t\u00e9l\u00e9travail, ce n&rsquo;est pas la m\u00eame chose quand votre employeur n&rsquo;y voit pas d&rsquo;inconv\u00e9nient ou quand votre employeur vous rappelle que votre profession ne permet pas le t\u00e9l\u00e9travail et que le confinement ne sera pas pour vous. Pensez au personnel d&rsquo;entretien, aux employ\u00e9s du b\u00e2timent ou \u00e0 d&rsquo;autres encore.<\/p>\n\n\n\n<p>Et le dernier point est bien s\u00fbr que nous ne sommes pas psychologiquement \u00e9gaux. Certains se plaisent \u00e0 rester une semaine chez eux riv\u00e9s devant un \u00e9cran, d&rsquo;autres suffoquent au bout de deux jours. Nos limites psychologiques sont toutes particuli\u00e8res. Et il nous faut prendre conscience de ces effets. Moi, en tant qu&rsquo;auteur, j&rsquo;ai \u00e9norm\u00e9ment de chance. Toutes mes s\u00e9ances de co-\u00e9criture peuvent s&rsquo;effectuer aussi bien \u00e0 distance qu&rsquo;en pr\u00e9sentiel. Je suis donc pass\u00e9 \u00e0 distance. Toutes mes interventions en atelier et autres stages que je donnais ne peuvent se faire car les \u00e9coles et centres qui m&rsquo;accueillaient ont ferm\u00e9 leurs portes. Donc, ce probl\u00e8me est r\u00e9gl\u00e9. Mais je pr\u00e9f\u00e8re voir le verre \u00e0 moiti\u00e9 plein ( et ma chance est aussi le fait de pouvoir y arriver) et me dire que je gagne du temps pour avancer sur mes projets personnels.  Sortir une fois par semaine pour les courses, ne plus prendre les transports en commun, travailler en vase clos ne me posent pas de souci majeur. Au contraire, c&rsquo;est une mani\u00e8re d&rsquo;avancer en perdant moins de temps. Combien de semaines vais-je tenir ? Je ne sais pas mais comme on dit: \u00ab\u00a0Jusqu&rsquo;ici, tout va bien&#8230;\u00a0\u00bb alors je continue.<\/p>\n\n\n\n<p>Ce virus nous am\u00e8ne dans une situation curieuse que nous n&rsquo;avions jamais connu pr\u00e9c\u00e9demment, en tout cas, je parle pour les habitants de notre pays ceux qui n&rsquo;ont pas connu les guerres mondiales. Une situation de crise majeure. Et d\u00e8s lors, on rep\u00e8re de mani\u00e8re plus flagrante la dualit\u00e9 de la politique. Dualit\u00e9 qui se ressent dans les d\u00e9cisions de ceux qui nous gouvernent. Prendre des d\u00e9cisions de s\u00e9curit\u00e9 sanitaire, et prendre des d\u00e9cisions \u00e9conomiques viables. Il faut sauver les gens (sinon, bon, on a un peu \u00e9chou\u00e9 quelque part quand m\u00eame) et il faut faire tourner l&rsquo;argent (sinon, le syst\u00e8me s&rsquo;\u00e9croule et nous en ferons les frais, para\u00eet-il). Deux mesures qui impliquent parfois des d\u00e9cisions oppos\u00e9es. On ferme les \u00e9coles pour raisons sanitaires (limiter la contamination chez les enfants et le personnel scolaire), on les rouvre pour raisons \u00e9conomiques (permettre aux parents de poser leurs enfants quelque part pour retourner travailler).  Serait-ce l\u00e0 l&rsquo;illustration politique du dilemme corn\u00e9lien ? Quelque soit le choix, il y aura de la casse.<\/p>\n\n\n\n<p>Ce confinement soul\u00e8ve plein de questions, il nous montre comment l&rsquo;air se d\u00e9pollue du fait que la circulation de tout types de v\u00e9hicule diminue, il nous montre l&rsquo;inutilit\u00e9 pour certaines professions de se cantonner \u00e0 du pr\u00e9sentiel au bureau, il nous montre les p\u00e9nuries de notre syst\u00e8me de sant\u00e9 et il nous montre que nous n&rsquo;avons pas tant besoin que cela de la soci\u00e9t\u00e9 de consommation. Enfin, tout d\u00e9pend de quelle consommation on parle&#8230; Bref, il fait \u00e9merger tout un tas de r\u00e9flexions qui incite les gens \u00e0 parler d&rsquo;un \u00ab\u00a0Apr\u00e8s\u00a0\u00bb diff\u00e9rent. Le monde peut changer. Et pour certains, il est s\u00fbr qu&rsquo;il changera. L'\u00a0\u00bbApr\u00e8s\u00a0\u00bb sera \u00ab\u00a0Autre\u00a0\u00bb.<\/p>\n\n\n\n<p>Mais quand la machine se relancera, que tout le monde retournera travailler, que les voitures pollueront \u00e0 nouveau, que les magasins rouvriront, appelant \u00e0 la consommation pour sauver l&rsquo;\u00e9conomie, que les gens n&rsquo;auront plus de sujet d&rsquo;inqui\u00e9tude, il risque fort d&rsquo;appara\u00eetre que l'\u00a0\u00bbApr\u00e8s\u00a0\u00bb ressemblera \u00e9norm\u00e9ment \u00e0 l'\u00a0\u00bbAvant\u00a0\u00bb.<\/p>\n\n\n\n<p>Nous aurons encore eu une prise de conscience que le monde peut \u00eatre g\u00e9r\u00e9 diff\u00e9remment, peut \u00e9voluer autrement, que nous pouvons changer la donne. Encore une. Mais c&rsquo;est tout. Rappelons qu&rsquo;une prise de conscience n&rsquo;est que le d\u00e9but d&rsquo;un \u00e9ventuel changement. <\/p>\n\n\n\n<p>L&rsquo;alcoolique peut prendre conscience qu&rsquo;il a un probl\u00e8me avec l&rsquo;alcool, c&rsquo;est un \u00e9norme pas. Ce n&rsquo;est pas pour autant qu&rsquo;il s&rsquo;arr\u00eatera de boire et que son monde va changer. Nous avons bien conscience que l&rsquo;argent a pris le pouvoir sur l&rsquo;humain dans nos syst\u00e8mes politiques. Ce n&rsquo;est pas pour cela que nous allons replacer l&rsquo;humain au c\u0153ur du syst\u00e8me et changer notre monde. <\/p>\n\n\n\n<p>Oui, le monde doit changer. Oui, nous en avons conscience. Mais non, nous n&rsquo;agirons pas pour qu&rsquo;il change. Pourquoi ? Parce que les probl\u00e8mes de notre monde ne nous impactent pas directement ? On reproche aux gouvernements de n&rsquo;agir qu&rsquo;une fois dos au mur, pour ne pas se crasher, mais ne faisons-nous pas pareil quand il s&rsquo;agit de changer notre monde, ou m\u00eame notre vie ? Nous nous convainquons qu&rsquo;il n&rsquo;est pas assez mal en point pour agir, et surtout que sa chute ne nous impacte pas suffisamment pour que nous nous bougions. Finalement, le monde bascule et moi, je me dis \u00ab\u00a0Jusqu&rsquo;ici, tout va bien&#8230;\u00a0\u00bb et je continue ma vie. Mais quelle action entreprendre \u00e0 mon niveau pour faire \u00e9voluer le syst\u00e8me ? Dans l&rsquo;ignorance de la r\u00e9ponse, je reste immobile.<\/p>\n\n\n\n<p>Finalement, ce poison qui coule en nous n&rsquo;est pas le virus du COVID-19, c&rsquo;est peut-\u00eatre l&rsquo;immobilisme, la lourdeur mentale qui nous emp\u00eache d&rsquo;agir \u00e0 bon escient pour changer. Et c&rsquo;est une maladie grave dont nous souffrons tous, un mal bien plus dangereux que le COVID-19, un fl\u00e9au dont nous n&rsquo;avons pas encore pris conscience, nous, les humains. Une plaie qui scellera probablement notre perte un jour, mais bon, comme on dit souvent: \u00ab\u00a0jusqu&rsquo;ici, tout va bien\u00a0\u00bb alors continuons \u00e0 vivre ainsi&#8230; <\/p>\n\n\n\n<p>Ou pas ?<\/p>\n\n\n\n<p>A bient\u00f4t.<\/p>\n<div style=\"padding-bottom:20px; padding-top:10px;\" class=\"hupso-share-buttons\"><!-- Hupso Share Buttons - https:\/\/www.hupso.com\/share\/ --><a class=\"hupso_toolbar\" href=\"https:\/\/www.hupso.com\/share\/\"><img src=\"https:\/\/static.hupso.com\/share\/buttons\/lang\/fr\/share-medium.png\" style=\"border:0px; padding-top: 5px; float:left;\" alt=\"Share Button\"\/><\/a><script type=\"text\/javascript\">var hupso_services_t=new Array(\"Twitter\",\"Facebook\",\"Google Plus\",\"Pinterest\",\"Linkedin\",\"Tumblr\",\"Reddit\",\"Sina Weibo\",\"Email\",\"Print\");var hupso_background_t=\"#EAF4FF\";var hupso_border_t=\"#66CCFF\";var hupso_toolbar_size_t=\"medium\";var hupso_image_folder_url = \"\";var hupso_twitter_via=\"DVNEAU\";var hupso_url_t=\"\";var hupso_title_t=\"Poison%20d%27avril\";<\/script><script type=\"text\/javascript\" src=\"https:\/\/static.hupso.com\/share\/js\/share_toolbar.js\"><\/script><!-- Hupso Share Buttons --><\/div>","protected":false},"excerpt":{"rendered":"<p>Ce poison a commenc\u00e9 \u00e0 se r\u00e9pandre \u00e0 petite dose depuis bien avant ce mois d&rsquo;avril. Le Virus du COVID-19 s&rsquo;est propag\u00e9 dans le monde, a provoqu\u00e9 de nombreux d\u00e9c\u00e8s et rendu encore plus de gens malades. La r\u00e9action ne s&rsquo;est pas faite attendre &#8211; ou peut-\u00eatre, si, un petit peu quand m\u00eame -. Suite&#8230; <a href=\"https:\/\/davidneau.fr\/index.php\/2020\/04\/24\/poison-davril\/\" class=\"more-link\">Continue reading <span class=\"screen-reader-text\">Poison d&rsquo;avril<\/span><\/a><\/p>\n","protected":false},"author":1,"featured_media":0,"comment_status":"open","ping_status":"open","sticky":false,"template":"","format":"standard","meta":{"jetpack_publicize_message":"Nouvel article \"Poison d'avril\" ","jetpack_is_tweetstorm":false,"jetpack_publicize_feature_enabled":true},"categories":[10,4],"tags":[41,40,39],"jetpack_publicize_connections":[],"jetpack_featured_media_url":"","jetpack_sharing_enabled":true,"jetpack_shortlink":"https:\/\/wp.me\/pa9QkF-ab","_links":{"self":[{"href":"https:\/\/davidneau.fr\/index.php\/wp-json\/wp\/v2\/posts\/631"}],"collection":[{"href":"https:\/\/davidneau.fr\/index.php\/wp-json\/wp\/v2\/posts"}],"about":[{"href":"https:\/\/davidneau.fr\/index.php\/wp-json\/wp\/v2\/types\/post"}],"author":[{"embeddable":true,"href":"https:\/\/davidneau.fr\/index.php\/wp-json\/wp\/v2\/users\/1"}],"replies":[{"embeddable":true,"href":"https:\/\/davidneau.fr\/index.php\/wp-json\/wp\/v2\/comments?post=631"}],"version-history":[{"count":3,"href":"https:\/\/davidneau.fr\/index.php\/wp-json\/wp\/v2\/posts\/631\/revisions"}],"predecessor-version":[{"id":659,"href":"https:\/\/davidneau.fr\/index.php\/wp-json\/wp\/v2\/posts\/631\/revisions\/659"}],"wp:attachment":[{"href":"https:\/\/davidneau.fr\/index.php\/wp-json\/wp\/v2\/media?parent=631"}],"wp:term":[{"taxonomy":"category","embeddable":true,"href":"https:\/\/davidneau.fr\/index.php\/wp-json\/wp\/v2\/categories?post=631"},{"taxonomy":"post_tag","embeddable":true,"href":"https:\/\/davidneau.fr\/index.php\/wp-json\/wp\/v2\/tags?post=631"}],"curies":[{"name":"wp","href":"https:\/\/api.w.org\/{rel}","templated":true}]}}