{"id":686,"date":"2020-05-22T10:53:00","date_gmt":"2020-05-22T09:53:00","guid":{"rendered":"https:\/\/davidneau.fr\/?p=686"},"modified":"2020-07-02T15:09:31","modified_gmt":"2020-07-02T14:09:31","slug":"festival-en-cavale","status":"publish","type":"post","link":"https:\/\/davidneau.fr\/index.php\/2020\/05\/22\/festival-en-cavale\/","title":{"rendered":"Festival en Cavale"},"content":{"rendered":"\n<p>La pand\u00e9mie a frapp\u00e9 beaucoup de secteurs, dont le secteur culturel. Certes, on a eu vent des coup d&rsquo;arr\u00eat du festival de Cannes ou encore du festival d&rsquo;Avignon, ou bien de LyonBD. Mais il est aussi tout un tas de petits festivals qui sont \u00e9galement durement impact\u00e9s par les mesures sanitaires prises pour lutter contre l&rsquo;engorgement des h\u00f4pitaux. <\/p>\n\n\n\n<p>Ces petits festivals ne feront jamais ni la une des journaux ni les breaking news des cha\u00eenes d&rsquo;informations continues ni la nouvelle choc du JT. Et leur impossibilit\u00e9 d&rsquo;exister, elle non plus, ne sera pas une nouvelle reprise et relay\u00e9e par les m\u00e9dias. <\/p>\n\n\n\n<p>Je ne pourrais tous vous les lister ici. Mais je vais parler de certains que je connais un peu. <\/p>\n\n\n\n<p>Tout d&rsquo;abord, le festival BD6N\u00e9 cr\u00e9\u00e9 et mis en place par une bande de passionn\u00e9s de l&rsquo;image, anim\u00e9e ou fixe. Ce festival fait le pont entre le cin\u00e9ma, l&rsquo;animation, la BD, le jeu vid\u00e9o et toutes formes d&rsquo;art graphiques favorisant la rencontre entre ces supports. J&rsquo;ai eu le plaisir de rencontrer Julien Sav\u00e8s et Marion Buannic, deux membres de la petite \u00e9quipe de b\u00e9n\u00e9voles qui se bat chaque ann\u00e9e pour que ce festival ait la chance d&rsquo;exister. A \u00c9chelle humaine, se d\u00e9roulant en r\u00e9gion parisienne, depuis quelques ann\u00e9es en partie \u00e0 la m\u00e9diath\u00e8que Marguerite Duras dans le vingti\u00e8me, ce festival propose un programme qui s&rsquo;adresse autant aux enfants qu&rsquo;aux adultes avec des programmations jeunesses mais aussi des masterclasses, des rencontres avec des artistes, des projections de documentaires autour de l&rsquo;animation ou de la BD. Un village BD permet de rencontrer des dessinateurs ind\u00e9pendants, des collectifs et de d\u00e9couvrir des talents peu connus du grand public. L&rsquo;entr\u00e9e est gratuite, sauf \u00e0 certains \u00e9v\u00e9nements comme les concerts de cl\u00f4ture par exemple. Oui, car la musique a aussi une place via des concerts dessin\u00e9es dans ce petit festival. Il se d\u00e9roule normalement au mois de juin et n&rsquo;aura pas lieu cette ann\u00e9e. Mais je vous recommande de vous tenir <a rel=\"noreferrer noopener\" aria-label=\"au courant (opens in a new tab)\" href=\"http:\/\/bd6ne.blogspot.com\/\" target=\"_blank\">au courant<\/a> et de venir y faire un tour pour la prochaine \u00e9dition. <\/p>\n\n\n\n<p>Un autre festival, ou salon ou convention qui va devoir passer son tour pour 2020 est le salon MP3@Paris. Un salon d\u00e9di\u00e9 \u00e0 la fiction audio. Qu&rsquo;il s&rsquo;agisse de s\u00e9ries ou d&rsquo;unitaires, il existe tout un univers de la fiction audio que j&rsquo;ai eu l&rsquo;occasion de d\u00e9couvrir gr\u00e2ce \u00e0 notre s\u00e9rie audio <a rel=\"noreferrer noopener\" aria-label=\"Pamela Target (opens in a new tab)\" href=\"http:\/\/www.pamelatarget.com\" target=\"_blank\">Pamela Target<\/a>. Sur toute la France, des amateurs \u00e9clair\u00e9s produisent de la fiction audio, dans la lign\u00e9e du donjon de Naheulbeuk. Parodie, drame, com\u00e9die, SF, fantasy, vous y trouverez votre bonheur. Les cr\u00e9ateurs sont l\u00e0, \u00e0 des tables, le temps d&rsquo;une journ\u00e9e, et des conf\u00e9rences sont aussi organis\u00e9es pour l&rsquo;occasion. L&rsquo;entr\u00e9e est gratuite et il faut noter que l\u00e0 encore, Richoult, PhilGoud et toute l&rsquo;\u00e9quipe de b\u00e9n\u00e9voles se d\u00e9m\u00e8nent pour que cette convention puisse avoir lieu chaque ann\u00e9e. Vous \u00eates curieux des fictions audio que l&rsquo;on n&rsquo;entendra jamais sur France Culture ? Alors tenez-vous inform\u00e9 de la <a rel=\"noreferrer noopener\" aria-label=\"prochaine \u00e9dition du MP3@Paris (opens in a new tab)\" href=\"https:\/\/www.mp3aparis.fr\/\" target=\"_blank\">prochaine \u00e9dition du MP3@Paris<\/a>.<\/p>\n\n\n\n<p>Et comme on dit jamais deux sans trois, je voudrais parler d&rsquo;\u00e9v\u00e9nements un peu diff\u00e9rents des festivals et des salons. Je pense aux \u00e9v\u00e9nements organis\u00e9s par les petites structures de la ville, les centres d&rsquo;animations par exemple. L\u00e0 encore, ceux-ci sont nombreux et restent dans l&rsquo;ombre. L\u00e0 aussi, avec la fermeture due au confinement, c&rsquo;est le couperet qui tombe. Ces centres cr\u00e9ent du liant dans le quartier au travers d&rsquo;\u00e9v\u00e9nements solidaires, comme des f\u00eates, des concerts, des \u00e9v\u00e9nements, des journ\u00e9es sp\u00e9ciales, des rencontres, des conf\u00e9rences, des projections et que sais-je encore. J&rsquo;ai eu la chance d&rsquo;intervenir dans le centre d&rsquo;animation de Montparnasse. Et dans ce petit lieu cach\u00e9 des yeux parisiens, situ\u00e9 sur la dalle au-dessus de la gare Montparnasse, la vie d\u00e9borde. Et quand je dis la vie, je ne parle pas des ruches, des phasmes et des poissons pr\u00e9sents sur place mais bien de Erick Aubourg et toute l&rsquo;\u00e9quipe de ce centre engag\u00e9, militant, \u00e9cologiste et \u00e9co-solidaire qui organise des kyrielles d&rsquo;\u00e9v\u00e9nements dans la droite ligne de leurs convictions. Tenez-vous au courant sur leur <a rel=\"noreferrer noopener\" aria-label=\"page FaceBook (opens in a new tab)\" href=\"https:\/\/www.facebook.com\/camontparnasse\/\" target=\"_blank\">page FaceBook<\/a>. <\/p>\n\n\n\n<p><\/p>\n\n\n\n<p> Voil\u00e0 trois parmi des milliers. Car ces anonymes de l&rsquo;activit\u00e9 culturelle sont nombreux sur tout le pays, et apportent de la vie, font conna\u00eetre des formes d&rsquo;art diff\u00e9rentes et surtout les rendent accessibles \u00e0 tous, peut-\u00eatre uniquement le temps d&rsquo;un week-end, d&rsquo;une journ\u00e9e, ou d&rsquo;une apr\u00e8s-midi mais c&rsquo;est d\u00e9j\u00e0 beaucoup. Alors si vous souhaitez d\u00e9couvrir et aller faire un tour l\u00e0 o\u00f9 \u00e7a bouge en-dehors des lignes droites du mainstream autour de vous, je vous recommande de chercher des informations sur les petits \u00e9v\u00e9nements qui se passent dans votre quartier, dans votre ville, bref, autour de vous, loin des JT et grands Journaux.<\/p>\n\n\n\n<p>A bient\u00f4t&#8230; <\/p>\n<div style=\"padding-bottom:20px; padding-top:10px;\" class=\"hupso-share-buttons\"><!-- Hupso Share Buttons - https:\/\/www.hupso.com\/share\/ --><a class=\"hupso_toolbar\" href=\"https:\/\/www.hupso.com\/share\/\"><img src=\"https:\/\/static.hupso.com\/share\/buttons\/lang\/fr\/share-medium.png\" style=\"border:0px; padding-top: 5px; float:left;\" alt=\"Share Button\"\/><\/a><script type=\"text\/javascript\">var hupso_services_t=new Array(\"Twitter\",\"Facebook\",\"Google Plus\",\"Pinterest\",\"Linkedin\",\"Tumblr\",\"Reddit\",\"Sina Weibo\",\"Email\",\"Print\");var hupso_background_t=\"#EAF4FF\";var hupso_border_t=\"#66CCFF\";var hupso_toolbar_size_t=\"medium\";var hupso_image_folder_url = \"\";var hupso_twitter_via=\"DVNEAU\";var hupso_url_t=\"\";var hupso_title_t=\"Festival%20en%20Cavale\";<\/script><script type=\"text\/javascript\" src=\"https:\/\/static.hupso.com\/share\/js\/share_toolbar.js\"><\/script><!-- Hupso Share Buttons --><\/div>","protected":false},"excerpt":{"rendered":"<p>La pand\u00e9mie a frapp\u00e9 beaucoup de secteurs, dont le secteur culturel. Certes, on a eu vent des coup d&rsquo;arr\u00eat du festival de Cannes ou encore du festival d&rsquo;Avignon, ou bien de LyonBD. Mais il est aussi tout un tas de petits festivals qui sont \u00e9galement durement impact\u00e9s par les mesures sanitaires prises pour lutter contre&#8230; <a href=\"https:\/\/davidneau.fr\/index.php\/2020\/05\/22\/festival-en-cavale\/\" class=\"more-link\">Continue reading <span class=\"screen-reader-text\">Festival en Cavale<\/span><\/a><\/p>\n","protected":false},"author":1,"featured_media":0,"comment_status":"open","ping_status":"open","sticky":false,"template":"","format":"standard","meta":{"jetpack_publicize_message":"Festival en Cavale, pour parler de petits festivals, salons et \u00e9v\u00e9nements.","jetpack_is_tweetstorm":false,"jetpack_publicize_feature_enabled":true},"categories":[10,4],"tags":[45,49,46,42,43,47],"jetpack_publicize_connections":[],"jetpack_featured_media_url":"","jetpack_sharing_enabled":true,"jetpack_shortlink":"https:\/\/wp.me\/pa9QkF-b4","_links":{"self":[{"href":"https:\/\/davidneau.fr\/index.php\/wp-json\/wp\/v2\/posts\/686"}],"collection":[{"href":"https:\/\/davidneau.fr\/index.php\/wp-json\/wp\/v2\/posts"}],"about":[{"href":"https:\/\/davidneau.fr\/index.php\/wp-json\/wp\/v2\/types\/post"}],"author":[{"embeddable":true,"href":"https:\/\/davidneau.fr\/index.php\/wp-json\/wp\/v2\/users\/1"}],"replies":[{"embeddable":true,"href":"https:\/\/davidneau.fr\/index.php\/wp-json\/wp\/v2\/comments?post=686"}],"version-history":[{"count":1,"href":"https:\/\/davidneau.fr\/index.php\/wp-json\/wp\/v2\/posts\/686\/revisions"}],"predecessor-version":[{"id":687,"href":"https:\/\/davidneau.fr\/index.php\/wp-json\/wp\/v2\/posts\/686\/revisions\/687"}],"wp:attachment":[{"href":"https:\/\/davidneau.fr\/index.php\/wp-json\/wp\/v2\/media?parent=686"}],"wp:term":[{"taxonomy":"category","embeddable":true,"href":"https:\/\/davidneau.fr\/index.php\/wp-json\/wp\/v2\/categories?post=686"},{"taxonomy":"post_tag","embeddable":true,"href":"https:\/\/davidneau.fr\/index.php\/wp-json\/wp\/v2\/tags?post=686"}],"curies":[{"name":"wp","href":"https:\/\/api.w.org\/{rel}","templated":true}]}}