{"id":720,"date":"2020-06-26T10:55:00","date_gmt":"2020-06-26T09:55:00","guid":{"rendered":"https:\/\/davidneau.fr\/?p=720"},"modified":"2020-07-22T18:12:50","modified_gmt":"2020-07-22T17:12:50","slug":"la-vie-dinde-3eme-partie","status":"publish","type":"post","link":"https:\/\/davidneau.fr\/index.php\/2020\/06\/26\/la-vie-dinde-3eme-partie\/","title":{"rendered":"La vie d&rsquo;ind\u00e9, 3\u00e8me partie"},"content":{"rendered":"\n<p>Et oui, voici le troisi\u00e8me volet de cette fabuleuse trilogie administrative. En tant qu&rsquo;auteur-artiste, je dois m&rsquo;inscrire \u00e0 l&rsquo;URSAFF. J&rsquo;ai donc fait les d\u00e9marches, comme expliqu\u00e9es pr\u00e9c\u00e9demment, pour rejoindre le cercle ferm\u00e9 et tant recherch\u00e9 des auteurs de l&rsquo;URSAFF.<\/p>\n\n\n\n<p>Imaginez ma joie quand j&rsquo;ai re\u00e7u coup sur coup trois courriers cons\u00e9cutifs de cette administration \u00e0 l&rsquo;aura dissimul\u00e9e de bienveillance. Le premier m&rsquo;informait de l&rsquo;obtention de mon num\u00e9ro de SIRET dont je vais pouvoir d\u00e9sormais orner mes factures avec bonheur. Le second me validait ce num\u00e9ro de SIRET. Oui, la logique URSAFFIENNE nous \u00e9chappe parfois mais si \u00e7a leur chante de valider les num\u00e9ros qu&rsquo;ils accordent. Et le troisi\u00e8me m&rsquo;informait des sommes d&rsquo;argent que je devais \u00e0 l&rsquo;URSAFF. J&rsquo;ai rejoint le cercle tr\u00e8s ferm\u00e9 des auteurs devant 948\u20ac \u00e0 l&rsquo;administration pour les remercier de s&rsquo;\u00eatre inscrit comme on le leur demandait. <\/p>\n\n\n\n<p>J&rsquo;ai visiblement eu plus de chance que mes camarades, car au verso du courrier se trouvait une explication de cette somme. Il s&rsquo;agissait des charges sociales minimales que j&rsquo;aurais \u00e0 payer en 2020. Bon, j&rsquo;aurais d\u00fb les payer de toute mani\u00e8re alors&#8230; <\/p>\n\n\n\n<p>Ma bonne surprise de tout cela \u00e9tait que ces charges \u00e9taient divis\u00e9s en deux versements, en bref, l&rsquo;URSAFF me proposait un \u00e9ch\u00e9ancier pour ne pas me r\u00e9clamer d&rsquo;un coup l&rsquo;argent que je n&rsquo;avais peut-\u00eatre pas encore gagn\u00e9. Quelle sympathie&#8230; <\/p>\n\n\n\n<p>Et nous arrivons au moment o\u00f9 les d\u00e9marches administratives se heurtent \u00e0 la fracture num\u00e9rique. Quand j&rsquo;ai voulu r\u00e9gler mes charges, enfin, mon premier versement, autant profiter des largesses g\u00e9n\u00e9reuses du syst\u00e8me, il s&rsquo;av\u00e8re que tout vous oriente vers un r\u00e8glement en ligne. <\/p>\n\n\n\n<p>Apr\u00e8s les imp\u00f4ts, c&rsquo;est maintenant l&rsquo;URSAFF qui suit la voie du tout num\u00e9rique. Un chemin qui ne me dit rien qui vaille, car comment cela se passe pour ceux qui ne b\u00e9n\u00e9ficient pas d&rsquo;un acc\u00e8s internet ? Ils doivent faire des queues dans leur centre d&rsquo;imp\u00f4ts pour acc\u00e9der \u00e0 l&rsquo;un des deux postes accessibles au public avec un conseiller pour leur expliquer comment faire. D\u00e9j\u00e0 que c&rsquo;est la queue quand il faut aller rendre sa d\u00e9claration, alors imaginez, une personne perdue devant un ordinateur, avec derri\u00e8re elle qui attendent une vingtaine de personnes qui n&rsquo;ont aucune envie de se retrouver dans la m\u00eame situation. <\/p>\n\n\n\n<p>Pour que le tout num\u00e9rique fonctionne, faudrait-il encore que l&rsquo;accessibilit\u00e9 au num\u00e9rique pour le public dans les services public  soit \u00e0 la hauteur du public concern\u00e9. Ce qui ne me semble pas encore \u00eatre le cas. Les d\u00e9marches dans ce sens ont-elles \u00e9t\u00e9 mises en place par le gouvernement ? Je n&rsquo;en sais rien. L&rsquo;avenir nous le dira. <\/p>\n\n\n\n<p>Il fallait bien achever cette trilogie sur une ouverture plus large et la num\u00e9risation des paiements \u00e0 l&rsquo;URSAFF m&rsquo;a donn\u00e9 cette petite occasion que je n&rsquo;ai pas manqu\u00e9 de saisir. Rien de tel parfois pour achever une histoire que de se tourner vers l&rsquo;horizon. <\/p>\n\n\n\n<p>A bient\u00f4t&#8230; <\/p>\n<div style=\"padding-bottom:20px; padding-top:10px;\" class=\"hupso-share-buttons\"><!-- Hupso Share Buttons - https:\/\/www.hupso.com\/share\/ --><a class=\"hupso_toolbar\" href=\"https:\/\/www.hupso.com\/share\/\"><img src=\"https:\/\/static.hupso.com\/share\/buttons\/lang\/fr\/share-medium.png\" style=\"border:0px; padding-top: 5px; float:left;\" alt=\"Share Button\"\/><\/a><script type=\"text\/javascript\">var hupso_services_t=new Array(\"Twitter\",\"Facebook\",\"Google Plus\",\"Pinterest\",\"Linkedin\",\"Tumblr\",\"Reddit\",\"Sina Weibo\",\"Email\",\"Print\");var hupso_background_t=\"#EAF4FF\";var hupso_border_t=\"#66CCFF\";var hupso_toolbar_size_t=\"medium\";var hupso_image_folder_url = \"\";var hupso_twitter_via=\"DVNEAU\";var hupso_url_t=\"\";var hupso_title_t=\"La%20vie%20d%27ind%C3%A9%2C%203%C3%A8me%20partie\";<\/script><script type=\"text\/javascript\" src=\"https:\/\/static.hupso.com\/share\/js\/share_toolbar.js\"><\/script><!-- Hupso Share Buttons --><\/div>","protected":false},"excerpt":{"rendered":"<p>Et oui, voici le troisi\u00e8me volet de cette fabuleuse trilogie administrative. En tant qu&rsquo;auteur-artiste, je dois m&rsquo;inscrire \u00e0 l&rsquo;URSAFF. J&rsquo;ai donc fait les d\u00e9marches, comme expliqu\u00e9es pr\u00e9c\u00e9demment, pour rejoindre le cercle ferm\u00e9 et tant recherch\u00e9 des auteurs de l&rsquo;URSAFF. Imaginez ma joie quand j&rsquo;ai re\u00e7u coup sur coup trois courriers cons\u00e9cutifs de cette administration \u00e0&#8230; <a href=\"https:\/\/davidneau.fr\/index.php\/2020\/06\/26\/la-vie-dinde-3eme-partie\/\" class=\"more-link\">Continue reading <span class=\"screen-reader-text\">La vie d&rsquo;ind\u00e9, 3\u00e8me partie<\/span><\/a><\/p>\n","protected":false},"author":1,"featured_media":0,"comment_status":"open","ping_status":"open","sticky":false,"template":"","format":"standard","meta":{"jetpack_publicize_message":"fin d'une trilogie administrative avec La vie d'ind\u00e9, 3\u00e8me partie.","jetpack_is_tweetstorm":false,"jetpack_publicize_feature_enabled":true},"categories":[33,4],"tags":[51,50,37],"jetpack_publicize_connections":[],"jetpack_featured_media_url":"","jetpack_sharing_enabled":true,"jetpack_shortlink":"https:\/\/wp.me\/pa9QkF-bC","_links":{"self":[{"href":"https:\/\/davidneau.fr\/index.php\/wp-json\/wp\/v2\/posts\/720"}],"collection":[{"href":"https:\/\/davidneau.fr\/index.php\/wp-json\/wp\/v2\/posts"}],"about":[{"href":"https:\/\/davidneau.fr\/index.php\/wp-json\/wp\/v2\/types\/post"}],"author":[{"embeddable":true,"href":"https:\/\/davidneau.fr\/index.php\/wp-json\/wp\/v2\/users\/1"}],"replies":[{"embeddable":true,"href":"https:\/\/davidneau.fr\/index.php\/wp-json\/wp\/v2\/comments?post=720"}],"version-history":[{"count":1,"href":"https:\/\/davidneau.fr\/index.php\/wp-json\/wp\/v2\/posts\/720\/revisions"}],"predecessor-version":[{"id":721,"href":"https:\/\/davidneau.fr\/index.php\/wp-json\/wp\/v2\/posts\/720\/revisions\/721"}],"wp:attachment":[{"href":"https:\/\/davidneau.fr\/index.php\/wp-json\/wp\/v2\/media?parent=720"}],"wp:term":[{"taxonomy":"category","embeddable":true,"href":"https:\/\/davidneau.fr\/index.php\/wp-json\/wp\/v2\/categories?post=720"},{"taxonomy":"post_tag","embeddable":true,"href":"https:\/\/davidneau.fr\/index.php\/wp-json\/wp\/v2\/tags?post=720"}],"curies":[{"name":"wp","href":"https:\/\/api.w.org\/{rel}","templated":true}]}}