{"id":777,"date":"2020-08-28T09:45:00","date_gmt":"2020-08-28T08:45:00","guid":{"rendered":"https:\/\/davidneau.fr\/?p=777"},"modified":"2020-08-23T17:13:47","modified_gmt":"2020-08-23T16:13:47","slug":"lapres-rentree","status":"publish","type":"post","link":"https:\/\/davidneau.fr\/index.php\/2020\/08\/28\/lapres-rentree\/","title":{"rendered":"L&rsquo;Apr\u00e8s rentr\u00e9e !"},"content":{"rendered":"\n<p>Ou la rentr\u00e9e de l&rsquo;apr\u00e8s. En-dehors des contraintes sanitaires, des gestes barri\u00e8res et des menaces pesantes de reconfinement, on pourrait presque dire que c&rsquo;est une rentr\u00e9e comme les autres. Mais souvent, pour des auteurs ind\u00e9pendants, une rentr\u00e9e n&rsquo;est pas la m\u00eame histoire qui se r\u00e9p\u00e8te, mais bien une nouvelle histoire o\u00f9 il va falloir trouver sa place. Et cette p\u00e9riode estivale qui englobe une forme de pr\u00e9-rentr\u00e9e peut apporter son lot de surprise, de myst\u00e8re et de rebondissement. Autant d&rsquo;obstacles pour les protagonistes que nous sommes de nos propres vies !<\/p>\n\n\n\n<p>Pour moi, cette rentr\u00e9e va certes \u00eatre diff\u00e9rente pour les raisons pand\u00e9miques \u00e9voqu\u00e9es plus haut, mais aussi pour d&rsquo;autres raisons. En effet, cette rentr\u00e9e aura une saveur particuli\u00e8re, car elle voit arriver les dix ans de mon h\u00e9ros de papier et de pixel, <a rel=\"noreferrer noopener\" aria-label=\"Z\u00e9da (opens in a new tab)\" href=\"http:\/\/www.zeda.fr\" target=\"_blank\">Z\u00e9da<\/a> !<\/p>\n\n\n\n<figure class=\"wp-block-image size-large\"><img loading=\"lazy\" width=\"790\" height=\"733\" src=\"https:\/\/davidneau.fr\/wp-content\/uploads\/2020\/08\/3146-LABEL-SAISON-zFont-BR-3146.gif\" alt=\"\" class=\"wp-image-778\"\/><figcaption>Un petit dessin r\u00e9alis\u00e9 pour illustrer une chronique 7BD sur \u00ab\u00a0LA BELLE SAISON\u00a0\u00bb d&rsquo;Alfred paru chez Delcourt.<\/figcaption><\/figure>\n\n\n\n<p>Z\u00e9da suit donc son petit bonhomme de chemin depuis bient\u00f4t dix ans. Il se d\u00e9veloppe dans diff\u00e9rentes directions, si bien que ce personnage et son univers sont devenus une source de projets multiples et polymorphes. Certains d&rsquo;entre eux, pour ne rien vous cacher, j&rsquo;aimerais les boucler pour marquer le coup des dix ans.  On peut citer entre autres une BD au long cours, un court m\u00e9trage d&rsquo;animation et un clip anim\u00e9 ! et l&rsquo;envie de d\u00e9velopper la partie \u00e9conomique de Z\u00e9da, afin que je puisse \u00eatre mieux r\u00e9mun\u00e9r\u00e9 par les aventures de mon h\u00e9ros. <\/p>\n\n\n\n<p>En plus de cela, Z\u00e9da est le h\u00e9ros d&rsquo;une Web-s\u00e9rie anim\u00e9e \u00e9co-solidaire soutenue par la soci\u00e9t\u00e9 de Production Tavma. <\/p>\n\n\n\n<p>Il participe au fanzine de l&rsquo;atelier 54, dont sortent deux num\u00e9ros par an. En effet, votre auteur pr\u00e9f\u00e9r\u00e9 (ou presque) fait partie du collectif de dessinateurs issus des ateliers des beaux-arts de Paris qui s&rsquo;est baptis\u00e9 Atelier 54, au programme donc fanzines, mais aussi participations \u00e0 des salons, d\u00e9dicaces, expositions et projets BD !<\/p>\n\n\n\n<p>Pour faciliter la t\u00e2che, je suis membre de plusieurs autres associations, dans des domaines fort diff\u00e9rents. Je peux citer Brikabrac, pour la diffusion et la d\u00e9couverte du cin\u00e9ma d&rsquo;animation et la r\u00e9alisation de films anim\u00e9s (j&rsquo;anime des ateliers jeunesse de cin\u00e9ma d&rsquo;animation dans des centres d&rsquo;animation et nous cherchons toujours un local qui pourrait faire office de studio de tournage), Kanop\u00e9e, pour le soutien aux projets artistiques toutes cat\u00e9gories (nous r\u00e9alisons aussi  en plus des audios de communication institutionnels), L&rsquo;association des r\u00e9dacteurs, qui regroupe tous les r\u00e9dacteurs du site A VOIR A LIRE (o\u00f9 j&rsquo;\u00e9cris des chroniques BD et livres mais je publie aussi une chronique dessin\u00e9e mensuelle) et le collectif BUG de Paris, o\u00f9 l&rsquo;on peut \u00e9changer sur le logiciel libre de 3D Blender (avec quelques passionn\u00e9s, on essaye de relancer ces r\u00e9unions mensuelles que le COVID mais aussi et surtout la disparition d&rsquo;un des cofondateurs a mis \u00e0 mal). Et j&rsquo;avoue avoir dans un coin de ma t\u00eate un projet 3D pour mon h\u00e9ros de papier et de pixel !<\/p>\n\n\n\n<p>Et puis \u00e0 c\u00f4t\u00e9 de cela, il y a des projets \u00e0 diff\u00e9rents \u00e9tats d&rsquo;avancement, dont  l&rsquo;ultime saison de la fiction audio \u00ab\u00a0Pamela Target\u00a0\u00bb avec Katia Grivot et Pascal Senicourt, la s\u00e9rie anim\u00e9e \u00ab\u00a0Un Graal Pour Trois\u00a0\u00bb avec Sylvie F\u00e9vrier, la com\u00e9die \u00ab\u00a0Fini de Rire\u00a0\u00bb avec Frans Boyer, ou encore la BD d&rsquo;aventure \u00e9pique \u00ab\u00a0El Guacho\u00a0\u00bb avec Frans Boyer et Thierry Schneider. Je continue \u00e9galement les articles pour 7BD. <\/p>\n\n\n\n<p>Et bien s\u00fbr, envers et contre tout, j&rsquo;effectue toujours des missions de script-doctoring qui me permettent de rencontrer d&rsquo;autres auteurs et d&rsquo;apporter un coup de main pour am\u00e9liorer leur sc\u00e9nario.<\/p>\n\n\n\n<p> Plus quelques autres surprises dont il est trop t\u00f4t pour parler.<\/p>\n\n\n\n<p>Ce qui donne \u00e0 cette rentr\u00e9e un avant-go\u00fbt assez bien rempli, et le challenge de cette nouvelle saison va consister \u00e0 r\u00e9ussir \u00e0 s&rsquo;organiser. en effet, comment g\u00e9rer au mieux son emploi du temps pour faire avancer une masse de projets ? O\u00f9 se positionner pour garder le cap de tout cela ? Ce sont des questions qui vont devenir prioritaires, surtout si je veux me garder du temps pour les dix ans de Z\u00e9da. <\/p>\n\n\n\n<p>Car cette Apr\u00e8s-rentr\u00e9e me fait surtout r\u00e9aliser que Z\u00e9da existe depuis dix ans, contre vents et mar\u00e9es, en pixel sur les \u00e9crans, en papier dans des fanzines, dans des expositions, en vid\u00e9o dans des films anim\u00e9s. dix ans o\u00f9 j&rsquo;ai produit, cr\u00e9\u00e9 et surtout appris. Appris des nouvelles comp\u00e9tences, appris des rencontres que m&rsquo;a apport\u00e9es Z\u00e9da, appris \u00e0 m&rsquo;accrocher au r\u00eave fou que mon h\u00e9ros peut encore vivre de nombreuses ann\u00e9es et qu&rsquo;il pourrait trouver son public sans grande campagne de marketing. <\/p>\n\n\n\n<p>Z\u00e9da, c&rsquo;est un personnage qui cherche sa place dans la soci\u00e9t\u00e9 d&rsquo;aujourd&rsquo;hui. en cela, nous pouvons tous nous identifier \u00e0 lui.  Ses d\u00e9boires au jour le jour teint\u00e9s de po\u00e9sie, d&rsquo;onirisme, de fantastique, ce contraste entre dure r\u00e9alit\u00e9 sociale et douceur po\u00e9tique, \u00e7a donne ce que j&rsquo;ai baptis\u00e9 \u00ab\u00a0l&rsquo;Odyss\u00e9e du quotidien\u00a0\u00bb. Le m\u00e9lange entre le banal et le fantastique, le concret et le r\u00eave, la r\u00e9alit\u00e9 et la po\u00e9sie. Le voyage difficile d&rsquo;un h\u00e9ros dans un monde complexe et violent racont\u00e9 avec tendresse et humour.  <\/p>\n\n\n\n<p>Avec cette rentr\u00e9e sous le signe du COVID et de la crise sanitaire, je crois qu&rsquo;on a tous besoin des tranches de vie dr\u00f4les et touchantes d&rsquo;un petit h\u00e9ros qui tente, jour apr\u00e8s jour, de trouver sa place en ce bas-monde. Parce que finalement, n&rsquo;est-ce pas ce que nous cherchons tous, savoir quelle est notre place sur cette terre ? <\/p>\n\n\n\n<p>A bient\u00f4t&#8230;<\/p>\n<div style=\"padding-bottom:20px; padding-top:10px;\" class=\"hupso-share-buttons\"><!-- Hupso Share Buttons - https:\/\/www.hupso.com\/share\/ --><a class=\"hupso_toolbar\" href=\"https:\/\/www.hupso.com\/share\/\"><img src=\"https:\/\/static.hupso.com\/share\/buttons\/lang\/fr\/share-medium.png\" style=\"border:0px; padding-top: 5px; float:left;\" alt=\"Share Button\"\/><\/a><script type=\"text\/javascript\">var hupso_services_t=new Array(\"Twitter\",\"Facebook\",\"Google Plus\",\"Pinterest\",\"Linkedin\",\"Tumblr\",\"Reddit\",\"Sina Weibo\",\"Email\",\"Print\");var hupso_background_t=\"#EAF4FF\";var hupso_border_t=\"#66CCFF\";var hupso_toolbar_size_t=\"medium\";var hupso_image_folder_url = \"\";var hupso_twitter_via=\"DVNEAU\";var hupso_url_t=\"\";var hupso_title_t=\"L%27Apr%C3%A8s%20rentr%C3%A9e%20%21\";<\/script><script type=\"text\/javascript\" src=\"https:\/\/static.hupso.com\/share\/js\/share_toolbar.js\"><\/script><!-- Hupso Share Buttons --><\/div>","protected":false},"excerpt":{"rendered":"<p>Ou la rentr\u00e9e de l&rsquo;apr\u00e8s. En-dehors des contraintes sanitaires, des gestes barri\u00e8res et des menaces pesantes de reconfinement, on pourrait presque dire que c&rsquo;est une rentr\u00e9e comme les autres. Mais souvent, pour des auteurs ind\u00e9pendants, une rentr\u00e9e n&rsquo;est pas la m\u00eame histoire qui se r\u00e9p\u00e8te, mais bien une nouvelle histoire o\u00f9 il va falloir trouver&#8230; <a href=\"https:\/\/davidneau.fr\/index.php\/2020\/08\/28\/lapres-rentree\/\" class=\"more-link\">Continue reading <span class=\"screen-reader-text\">L&rsquo;Apr\u00e8s rentr\u00e9e !<\/span><\/a><\/p>\n","protected":false},"author":1,"featured_media":0,"comment_status":"open","ping_status":"open","sticky":false,"template":"","format":"standard","meta":{"jetpack_publicize_message":"Nouvel article sur l'arriv\u00e9e de al rentr\u00e9e, sagement intitul\u00e9 \"L'Apr\u00e8s rentr\u00e9e !\" avec des nouvelles pour cette nouvelle ann\u00e9e, ou nouvelle saison !","jetpack_is_tweetstorm":false,"jetpack_publicize_feature_enabled":true},"categories":[1],"tags":[54,18,51,9],"jetpack_publicize_connections":[],"jetpack_featured_media_url":"","jetpack_sharing_enabled":true,"jetpack_shortlink":"https:\/\/wp.me\/pa9QkF-cx","_links":{"self":[{"href":"https:\/\/davidneau.fr\/index.php\/wp-json\/wp\/v2\/posts\/777"}],"collection":[{"href":"https:\/\/davidneau.fr\/index.php\/wp-json\/wp\/v2\/posts"}],"about":[{"href":"https:\/\/davidneau.fr\/index.php\/wp-json\/wp\/v2\/types\/post"}],"author":[{"embeddable":true,"href":"https:\/\/davidneau.fr\/index.php\/wp-json\/wp\/v2\/users\/1"}],"replies":[{"embeddable":true,"href":"https:\/\/davidneau.fr\/index.php\/wp-json\/wp\/v2\/comments?post=777"}],"version-history":[{"count":1,"href":"https:\/\/davidneau.fr\/index.php\/wp-json\/wp\/v2\/posts\/777\/revisions"}],"predecessor-version":[{"id":779,"href":"https:\/\/davidneau.fr\/index.php\/wp-json\/wp\/v2\/posts\/777\/revisions\/779"}],"wp:attachment":[{"href":"https:\/\/davidneau.fr\/index.php\/wp-json\/wp\/v2\/media?parent=777"}],"wp:term":[{"taxonomy":"category","embeddable":true,"href":"https:\/\/davidneau.fr\/index.php\/wp-json\/wp\/v2\/categories?post=777"},{"taxonomy":"post_tag","embeddable":true,"href":"https:\/\/davidneau.fr\/index.php\/wp-json\/wp\/v2\/tags?post=777"}],"curies":[{"name":"wp","href":"https:\/\/api.w.org\/{rel}","templated":true}]}}